{"id":57786,"date":"2018-08-27T04:36:05","date_gmt":"2018-08-27T07:36:05","guid":{"rendered":"http:\/\/portalcatolico.net\/portal\/?p=57786"},"modified":"2018-08-27T05:50:16","modified_gmt":"2018-08-27T08:50:16","slug":"vem-ai-mais-uma-edicao-do-acampamento-de-oracao-phn","status":"publish","type":"post","link":"http:\/\/portalcatolico.net\/portal\/vem-ai-mais-uma-edicao-do-acampamento-de-oracao-phn\/","title":{"rendered":"Vem a\u00ed mais uma edi\u00e7\u00e3o do Acampamento de ora\u00e7\u00e3o PHN"},"content":{"rendered":"<p style=\"font-weight: 400;\">Com grande alegria, que o grupo de ora\u00e7\u00e3o da Par\u00f3quia Santa Rita de&nbsp;C\u00e1ssia da Diocese e cidade de Itabuna, no sul da Bahia, convida voc\u00ea e&nbsp; sua fam\u00edlia para participar de mais uma edi\u00e7\u00e3o, sendo 7\u00ba ano, do&nbsp;Acampamento de ora\u00e7\u00e3o (PHN &#8211; Por hoje n\u00e3o vou mais pecar).<br \/>\n&nbsp; O evento est\u00e1 sendo organizado pelo Grupo de Ora\u00e7\u00e3o&nbsp; Santa Rita de&nbsp;C\u00e1ssia da Renova\u00e7\u00e3o Carism\u00e1tica Cat\u00f3lica da par\u00f3quia de Santa Rita e&nbsp;ser\u00e1 realizado nos dias 01 e 02 de setembro de 2018, no Col\u00e9gio CAIC,&nbsp;situado no bairro Jardim Primavera, na cidade de Itabuna (BA).<br \/>\nO PHN ter\u00e1 como tema: &#8220;Eis que estou a porta e bato&#8221;(Ap 3,20 ) e ser\u00e1&nbsp;composto de ora\u00e7\u00e3o, prega\u00e7\u00f5es, louvor, confiss\u00f5es, adora\u00e7\u00e3o ao&nbsp;Sant\u00edssimo Sacramentos, santa missa, show, entre outros momentos&nbsp;importantes para a evangeliza\u00e7\u00e3o. Prepare a sua caravana!<br \/>\nO investimento para&nbsp; voc\u00ea ter acesso aos dois dias do evento \u00e9 no valor de 10 reais.<br \/>\nO evento vai contar com a presen\u00e7a dos Pregadores: Eudes Duarte (Itaobim (MG) e Eni Rocha (Comunidade Filhos de&nbsp;Joao Batista de sete lagos (MG).<\/p>\n<p style=\"font-weight: 400;\">Tamb\u00e9m estar\u00e3o presentes, o bispo da Diocese de Itabuna, Dom&nbsp;Carlos Alberto dos Santos, Pe.Tony Val\u00e9rio (Par\u00f3quia Santa Maria&nbsp;Madalena de Itabuna), Pe. Ezeguias Gon\u00e7alves (Par\u00f3quia Nossa Senhora&nbsp;Aparecida de Itabuna e o&nbsp; Presidente da Renova\u00e7\u00e3o Carism\u00e1tica Cat\u00f3lica&nbsp;da Diocese de Itabuna Alexsandro Nonato. V\u00e1rios&nbsp; minist\u00e9rios de m\u00fasica&nbsp;&nbsp;v\u00e3o alegrar os participantes como: Comunidade de Alian\u00e7a Santa Cecilia,&nbsp;Crescendo com Cristo, Minist\u00e9rio&nbsp; Theou e a participa\u00e7\u00e3o especial da&nbsp;Comunidade MEFA (Miss\u00e3o Eucar\u00edstica Fogo no Altar.<\/p>\n<p style=\"font-weight: 400;\">Para maiores informa\u00e7\u00f5es, entre em&nbsp;contato&nbsp; pelo telefone (73) 988465510.<br \/>\nEm breve, voc\u00ea confere aqui, toda a programa\u00e7\u00e3o deste evento.<br \/>\nAguarde!<\/p>\n<p>Arte:Divulga\u00e7\u00e3o\/Grupo de Ora\u00e7\u00e3o Santa Rita de C\u00e1ssia<\/p>\n<p>Texto:Reda\u00e7\u00e3o\/Portalcatolico.Net<\/p>\n","protected":false},"excerpt":{"rendered":"<p>Com grande alegria, que o grupo de ora\u00e7\u00e3o da Par\u00f3quia Santa Rita de&nbsp;C\u00e1ssia da Diocese e cidade de Itabuna, no sul da Bahia, convida voc\u00ea e&nbsp; sua fam\u00edlia para participar de mais uma edi\u00e7\u00e3o, sendo 7\u00ba ano, do&nbsp;Acampamento de ora\u00e7\u00e3o (PHN &#8211; Por hoje n\u00e3o vou mais pecar). &nbsp; O evento est\u00e1 sendo organizado pelo&nbsp;<\/p>\n<p><a class=\"btn btn-style\" href=\"http:\/\/portalcatolico.net\/portal\/vem-ai-mais-uma-edicao-do-acampamento-de-oracao-phn\/\">Continue Reading<\/a><\/p>\n","protected":false},"author":2,"featured_media":57787,"comment_status":"open","ping_status":"open","sticky":false,"template":"","format":"standard","meta":{"footnotes":""},"categories":[1],"tags":[],"class_list":["post-57786","post","type-post","status-publish","format-standard","has-post-thumbnail","hentry","category-agenda"],"_links":{"self":[{"href":"http:\/\/portalcatolico.net\/portal\/wp-json\/wp\/v2\/posts\/57786","targetHints":{"allow":["GET"]}}],"collection":[{"href":"http:\/\/portalcatolico.net\/portal\/wp-json\/wp\/v2\/posts"}],"about":[{"href":"http:\/\/portalcatolico.net\/portal\/wp-json\/wp\/v2\/types\/post"}],"author":[{"embeddable":true,"href":"http:\/\/portalcatolico.net\/portal\/wp-json\/wp\/v2\/users\/2"}],"replies":[{"embeddable":true,"href":"http:\/\/portalcatolico.net\/portal\/wp-json\/wp\/v2\/comments?post=57786"}],"version-history":[{"count":3,"href":"http:\/\/portalcatolico.net\/portal\/wp-json\/wp\/v2\/posts\/57786\/revisions"}],"predecessor-version":[{"id":57836,"href":"http:\/\/portalcatolico.net\/portal\/wp-json\/wp\/v2\/posts\/57786\/revisions\/57836"}],"wp:featuredmedia":[{"embeddable":true,"href":"http:\/\/portalcatolico.net\/portal\/wp-json\/wp\/v2\/media\/57787"}],"wp:attachment":[{"href":"http:\/\/portalcatolico.net\/portal\/wp-json\/wp\/v2\/media?parent=57786"}],"wp:term":[{"taxonomy":"category","embeddable":true,"href":"http:\/\/portalcatolico.net\/portal\/wp-json\/wp\/v2\/categories?post=57786"},{"taxonomy":"post_tag","embeddable":true,"href":"http:\/\/portalcatolico.net\/portal\/wp-json\/wp\/v2\/tags?post=57786"}],"curies":[{"name":"wp","href":"https:\/\/api.w.org\/{rel}","templated":true}]}}