{"id":57780,"date":"2018-08-23T13:53:26","date_gmt":"2018-08-23T16:53:26","guid":{"rendered":"http:\/\/portalcatolico.net\/portal\/?p=57780"},"modified":"2018-08-23T14:02:49","modified_gmt":"2018-08-23T17:02:49","slug":"continua-em-itabuna-o-novenario-em-honra-a-padroeira-do-bairro-jardim-vitoria","status":"publish","type":"post","link":"http:\/\/portalcatolico.net\/portal\/continua-em-itabuna-o-novenario-em-honra-a-padroeira-do-bairro-jardim-vitoria\/","title":{"rendered":"Continua em Itabuna, o Noven\u00e1rio em honra \u00e0 padroeira do bairro Jardim Vit\u00f3ria"},"content":{"rendered":"<p style=\"font-weight: 400;\">Celebrar Nossa Senhora das Vit\u00f3rias \u00e9 venerar a m\u00e3e de Jesus e nossa&nbsp;m\u00e3e, em adora\u00e7\u00e3o ao nosso Deus. A festa de padroeiro (a) \u00e9 tempo forte&nbsp;evangeliza\u00e7\u00e3o em que h\u00e1 um fortalecimento dos la\u00e7os fraternos de&nbsp;comunh\u00e3o de comunidade e participa\u00e7\u00e3o de irm\u00e3os de v\u00e1rias pastorais e&nbsp;movimentos em um s\u00f3 objetivo: seguir e amar Jesus Cristo.<br \/>\nS\u00e3o dias de celebra\u00e7\u00e3o eucar\u00edsticas&nbsp; todas as noites, reflex\u00f5es, ora\u00e7\u00f5es,&nbsp;louvor, prociss\u00e3o, quermesse&nbsp; entre, outros momentos de evangeliza\u00e7\u00e3o.&nbsp;<br \/>\nDurante os dias de homenagens, s\u00e3o realizadas missas dedicadas aos&nbsp;homens do ter\u00e7o, crian\u00e7as, comunidades, mulheres, jovens, entre outros.&nbsp;Logo ap\u00f3s a santa missa, tem festa de largo com m\u00fasica ao vivo, nas&nbsp;depend\u00eancias da Igreja matriz.<br \/>\nOs festejos ocorrem sempre na Igreja matriz de Nossa Senhora das&nbsp;Vit\u00f3rias, localizada na Rua Par\u00e1, 02, Jardim Vit\u00f3ria, em Itabuna, sob a&nbsp;coordena\u00e7\u00e3o do padre Gilmar Oliveira..<\/p>\n<p style=\"font-weight: 400;\">O noven\u00e1rio come\u00e7ou no dia&nbsp;18 de agosto e segue at\u00e9 o dia 26, na matriz, \u00e0s 19h.<\/p>\n<p style=\"font-weight: 400;\">O tema geral escolhido&nbsp;para este ano \u00e9: &#8220;A miss\u00e3o do leigo: Sal da Terra e Luz do Mundo&#8221;.<\/p>\n<p style=\"font-weight: 400;\">Nesta quarta-feira (22), o Subtema da 4\u00aa noite foi: &#8220;A&nbsp;necess\u00e1ria&nbsp; mudan\u00e7a de mentalidade e de&nbsp;estrutura da comunidade&nbsp;eclesial&#8221; e para reflet\u00ed-lo, o padre convidado foi o p\u00e1roco da par\u00f3quia S\u00e3o&nbsp;Sebasti\u00e3o da cidade de Camacan (BA), o Pe. Valdeni Neris. Em sua homilia o&nbsp;padre falou:&nbsp;&#8220;Estamos aqui na festa de Nossa m\u00e3e fazendo uma retrospectiva de nossa&nbsp;vida, para servir a Igreja e&nbsp; ao nosso Irm\u00e3o. Nossas reflex\u00f5es nestes dias de ora\u00e7\u00f5es,&nbsp;mudaram as nossas vidas.&nbsp;. N\u00e3o podemos ficar&nbsp;dispersos da palavra de Deus, pois o pastor cuida das suas ovelhas ele&nbsp;orienta e guia. Precisamo-nos&nbsp; fortalecer no dia-a-dia com a palavra de&nbsp;Deus e na santa Eucaristia, pois e nosso alimento saud\u00e1vel e nos&nbsp;fortalece contra&nbsp; o maligno.&#8221;<\/p>\n<p>No dia festivo (26), os devotos participar\u00e3o de alvorada \u00e0s 6h; recita\u00e7\u00e3o&nbsp;do Of\u00edcio de Nossa Senhora \u00e0s18h e Prociss\u00e3o com a Imagem da santa pelas&nbsp;ruas do bairro. Em seguida, missa solene \u00e0s 19h.<\/p>\n<p style=\"font-weight: 400;\">Confira a programa\u00e7\u00e3o completa:<\/p>\n<p style=\"font-weight: 400;\"><strong>Dia 22\/08-Quarta-feira<\/strong><\/p>\n<p style=\"font-weight: 400;\">19h:Santa Missa<br \/>\nSubtema: &#8220;A necess\u00e1ria mudan\u00e7as de mentalidade e de&nbsp; estrutura da<br \/>\ncomunidade eclesial&#8221;<br \/>\nPregador: Pe. Valdeni Neris Santos (P\u00e1roco na Par\u00f3quia&nbsp; S\u00e3o Sebasti\u00e3o na<br \/>\ncidade de Camacan)<br \/>\nNoite: Comerciantes, comerci\u00e1rios, banc\u00e1rios, comunidade do Zizo e movimento de cursilho-MCC.<br \/>\nOferta: Biscoito e Manteiga<\/p>\n<p style=\"font-weight: 400;\"><strong>Dia 23\/08-Quinta-feira<\/strong><br \/>\n19h: Santa Missa<br \/>\nSubtema: &#8220;Responsabilidade e criatividade dos leigos&#8221;<br \/>\nPregador: Pe. Manoel Carlos de Jesus Cruz (P\u00e1roco na par\u00f3quia Senhor do<br \/>\nBomfim em Itabuna)<br \/>\nNoite: Engenheiros e arquitetos<br \/>\nOferta: A\u00e7\u00facar e Caf\u00e9<\/p>\n<p style=\"font-weight: 400;\"><strong>Dia 24\/08-Sexta-feir<\/strong>a<br \/>\n19h: Santa Missa<br \/>\nSubtema: &#8220;A\u00e7\u00e3o do crist\u00e3o leigos nos are\u00f3pagos&nbsp; modernos&#8221;<br \/>\nPregador: Pe.&nbsp; Luiz Martins de Freitas (p\u00e1roco na Par\u00f3quia Santa Maria<br \/>\nGoretti em Itabuna)<br \/>\nNoite: Comunidade S\u00e3o Francisco&nbsp; Assis e contadores<br \/>\nOferta: \u00d3leo<\/p>\n<p style=\"font-weight: 400;\"><strong>Dia 25\/08-S\u00e1bado<\/strong><br \/>\n18h:Santo Of\u00edcio<br \/>\n19h:Novena<br \/>\nSubtema: &#8220;Recuperar&nbsp;a identidade de&nbsp; disc\u00edpulos e seguran\u00e7a de Jesus&#8221;<br \/>\nPregadora: Terezinha (Comunidade Santa Cecilia)<br \/>\nNoite: Fam\u00edlias do bairro Jardim Vit\u00f3ria, participa\u00e7\u00e3o da Escola de<br \/>\nm\u00fasica &#8220;Clave de Sol&nbsp; de Itabuna.<br \/>\nOferta: Sardinha e Margarina<\/p>\n<p style=\"font-weight: 400;\"><strong>Dia 26\/08-Domingo<\/strong><br \/>\n06h: Alvorada<br \/>\n18h:Prociss\u00e3o com a Imagem da santa pelas ruas do bairro e em<br \/>\nseguida, missa solene com o Pe. Gilmar Oliveira e padres convidados.<\/p>\n<p style=\"font-weight: 400;\">Fotos: Acervo\/Portal Cat\u00f3lico. Net<br \/>\nTexto: Portal Cat\u00f3lico.Net<\/p>\n<p style=\"font-weight: 400;\">\u00c1lbum de fotos.<a href=\"https:\/\/www.facebook.com\/portalcatolicooficial\">Clique aqui<\/a><\/p>\n","protected":false},"excerpt":{"rendered":"<p>Celebrar Nossa Senhora das Vit\u00f3rias \u00e9 venerar a m\u00e3e de Jesus e nossa&nbsp;m\u00e3e, em adora\u00e7\u00e3o ao nosso Deus. A festa de padroeiro (a) \u00e9 tempo forte&nbsp;evangeliza\u00e7\u00e3o em que h\u00e1 um fortalecimento dos la\u00e7os fraternos de&nbsp;comunh\u00e3o de comunidade e participa\u00e7\u00e3o de irm\u00e3os de v\u00e1rias pastorais e&nbsp;movimentos em um s\u00f3 objetivo: seguir e amar Jesus Cristo. S\u00e3o&nbsp;<\/p>\n<p><a class=\"btn btn-style\" href=\"http:\/\/portalcatolico.net\/portal\/continua-em-itabuna-o-novenario-em-honra-a-padroeira-do-bairro-jardim-vitoria\/\">Continue Reading<\/a><\/p>\n","protected":false},"author":2,"featured_media":57781,"comment_status":"open","ping_status":"open","sticky":false,"template":"","format":"standard","meta":{"footnotes":""},"categories":[68],"tags":[],"class_list":["post-57780","post","type-post","status-publish","format-standard","has-post-thumbnail","hentry","category-homilias"],"_links":{"self":[{"href":"http:\/\/portalcatolico.net\/portal\/wp-json\/wp\/v2\/posts\/57780","targetHints":{"allow":["GET"]}}],"collection":[{"href":"http:\/\/portalcatolico.net\/portal\/wp-json\/wp\/v2\/posts"}],"about":[{"href":"http:\/\/portalcatolico.net\/portal\/wp-json\/wp\/v2\/types\/post"}],"author":[{"embeddable":true,"href":"http:\/\/portalcatolico.net\/portal\/wp-json\/wp\/v2\/users\/2"}],"replies":[{"embeddable":true,"href":"http:\/\/portalcatolico.net\/portal\/wp-json\/wp\/v2\/comments?post=57780"}],"version-history":[{"count":4,"href":"http:\/\/portalcatolico.net\/portal\/wp-json\/wp\/v2\/posts\/57780\/revisions"}],"predecessor-version":[{"id":57785,"href":"http:\/\/portalcatolico.net\/portal\/wp-json\/wp\/v2\/posts\/57780\/revisions\/57785"}],"wp:featuredmedia":[{"embeddable":true,"href":"http:\/\/portalcatolico.net\/portal\/wp-json\/wp\/v2\/media\/57781"}],"wp:attachment":[{"href":"http:\/\/portalcatolico.net\/portal\/wp-json\/wp\/v2\/media?parent=57780"}],"wp:term":[{"taxonomy":"category","embeddable":true,"href":"http:\/\/portalcatolico.net\/portal\/wp-json\/wp\/v2\/categories?post=57780"},{"taxonomy":"post_tag","embeddable":true,"href":"http:\/\/portalcatolico.net\/portal\/wp-json\/wp\/v2\/tags?post=57780"}],"curies":[{"name":"wp","href":"https:\/\/api.w.org\/{rel}","templated":true}]}}