{"id":57777,"date":"2018-08-23T08:16:27","date_gmt":"2018-08-23T11:16:27","guid":{"rendered":"http:\/\/portalcatolico.net\/portal\/?p=57777"},"modified":"2018-08-23T08:16:27","modified_gmt":"2018-08-23T11:16:27","slug":"cnbb-faz-ajustes-ao-texto-base-da-campanha-da-fraternidade-2019","status":"publish","type":"post","link":"http:\/\/portalcatolico.net\/portal\/cnbb-faz-ajustes-ao-texto-base-da-campanha-da-fraternidade-2019\/","title":{"rendered":"CNBB faz ajustes ao texto-base da Campanha da Fraternidade 2019"},"content":{"rendered":"<p>Os membros do Conselho Pastoral da CNBB estiveram reunidos em Bras\u00edlia no \u00faltimo dia 21 de agosto para refletir e realizar os ajustes finais ao texto-base da Campanha da Fraternidade 2019, que tem como tema &#8220;Fraternidade e Pol\u00edticas P\u00fablicas&#8221;.<\/p>\n<p>Ao apresentar a vers\u00e3o final do texto, o secret\u00e1rio-executivo das Campanhas da Fraternidade, Padre Lu\u00eds Fernando da Silva, comentou que o documento ficou melhor ap\u00f3s a realiza\u00e7\u00e3o do Semin\u00e1rio Nacional da Campanha da Fraternidade 2019, em julho deste ano, do qual participaram representantes de 18 regionais da CNBB, bem como autores e especialistas no tema.<\/p>\n<p>O bispo auxiliar de S\u00e3o Lu\u00eds do Maranh\u00e3o, Dom Esmeraldo Barreto, presidente da Comiss\u00e3o para a A\u00e7\u00e3o Mission\u00e1ria e Coopera\u00e7\u00e3o Intereclesial da CNBB, refor\u00e7ou a necessidade de o texto aprofundar melhor a rela\u00e7\u00e3o entre f\u00e9 e cidadania e sua consequ\u00eancia.<\/p>\n<p>&#8220;N\u00e3o se pode amar a Deus e n\u00e3o amar os irm\u00e3os e buscar o bem coletivo&#8221;, disse Dom Esmeraldo.<\/p>\n<p>Al\u00e9m disso, foi refor\u00e7ada a import\u00e2ncia de o texto ser objeto de uma revis\u00e3o final, incluindo uma an\u00e1lise sobre as notas antes da sua publica\u00e7\u00e3o, prevista para o m\u00eas de setembro. (Gaudium Press)<\/p>\n<p>&nbsp;Com informa\u00e7\u00f5es da CNBB<\/p>\n","protected":false},"excerpt":{"rendered":"<p>Os membros do Conselho Pastoral da CNBB estiveram reunidos em Bras\u00edlia no \u00faltimo dia 21 de agosto para refletir e realizar os ajustes finais ao texto-base da Campanha da Fraternidade 2019, que tem como tema &#8220;Fraternidade e Pol\u00edticas P\u00fablicas&#8221;. Ao apresentar a vers\u00e3o final do texto, o secret\u00e1rio-executivo das Campanhas da Fraternidade, Padre Lu\u00eds Fernando&nbsp;<\/p>\n<p><a class=\"btn btn-style\" href=\"http:\/\/portalcatolico.net\/portal\/cnbb-faz-ajustes-ao-texto-base-da-campanha-da-fraternidade-2019\/\">Continue Reading<\/a><\/p>\n","protected":false},"author":2,"featured_media":57778,"comment_status":"open","ping_status":"open","sticky":false,"template":"","format":"standard","meta":{"footnotes":""},"categories":[3],"tags":[],"class_list":["post-57777","post","type-post","status-publish","format-standard","has-post-thumbnail","hentry","category-noticias_regionais"],"_links":{"self":[{"href":"http:\/\/portalcatolico.net\/portal\/wp-json\/wp\/v2\/posts\/57777","targetHints":{"allow":["GET"]}}],"collection":[{"href":"http:\/\/portalcatolico.net\/portal\/wp-json\/wp\/v2\/posts"}],"about":[{"href":"http:\/\/portalcatolico.net\/portal\/wp-json\/wp\/v2\/types\/post"}],"author":[{"embeddable":true,"href":"http:\/\/portalcatolico.net\/portal\/wp-json\/wp\/v2\/users\/2"}],"replies":[{"embeddable":true,"href":"http:\/\/portalcatolico.net\/portal\/wp-json\/wp\/v2\/comments?post=57777"}],"version-history":[{"count":1,"href":"http:\/\/portalcatolico.net\/portal\/wp-json\/wp\/v2\/posts\/57777\/revisions"}],"predecessor-version":[{"id":57779,"href":"http:\/\/portalcatolico.net\/portal\/wp-json\/wp\/v2\/posts\/57777\/revisions\/57779"}],"wp:featuredmedia":[{"embeddable":true,"href":"http:\/\/portalcatolico.net\/portal\/wp-json\/wp\/v2\/media\/57778"}],"wp:attachment":[{"href":"http:\/\/portalcatolico.net\/portal\/wp-json\/wp\/v2\/media?parent=57777"}],"wp:term":[{"taxonomy":"category","embeddable":true,"href":"http:\/\/portalcatolico.net\/portal\/wp-json\/wp\/v2\/categories?post=57777"},{"taxonomy":"post_tag","embeddable":true,"href":"http:\/\/portalcatolico.net\/portal\/wp-json\/wp\/v2\/tags?post=57777"}],"curies":[{"name":"wp","href":"https:\/\/api.w.org\/{rel}","templated":true}]}}