{"id":57769,"date":"2018-08-22T16:48:23","date_gmt":"2018-08-22T19:48:23","guid":{"rendered":"http:\/\/portalcatolico.net\/portal\/?p=57769"},"modified":"2018-08-22T16:51:11","modified_gmt":"2018-08-22T19:51:11","slug":"paroquia-em-itabuna-realiza-triduo-em-honra-a-nossa-senhora-da-gloria","status":"publish","type":"post","link":"http:\/\/portalcatolico.net\/portal\/paroquia-em-itabuna-realiza-triduo-em-honra-a-nossa-senhora-da-gloria\/","title":{"rendered":"Par\u00f3quia em Itabuna realiza Tr\u00edduo em honra \u00e0 Nossa Senhora da Gl\u00f3ria"},"content":{"rendered":"<p style=\"font-weight: 400;\">\u00c9 com o tema &#8220;Por amor \u00e0 Jesus&#8221;, que ser\u00e1 celebrado em Itabuna (BA), o Tr\u00edduo em homenagem \u00e0 Nossa Senhora da Gl\u00f3ria, padroeira de Mutuns.<\/p>\n<p style=\"font-weight: 400;\">As celebra\u00e7\u00f5es ir\u00e3o acontecer nos dias 23, 24 e 25 de agosto, \u00e0s 19h.<\/p>\n<p style=\"font-weight: 400;\">A coordena\u00e7\u00e3o da festa informou que nesses tr\u00eas dias ter\u00e3o \u00f4nibus dispon\u00edveis. No dia 23, o \u00f4nibus sair\u00e1 da Comunidade Santa Terezinha (no Antique), a partir das 18h. No dia 24, o \u00f4nibus sair\u00e1 da Comunidade Rainha da Paz e do Amor (no Monte Cristo), \u00e0s 18h, e no grande dia festivo, 25, o \u00f4nibus sair\u00e1 da pra\u00e7a do bairro Santa In\u00eas, \u00e0s 17h.<\/p>\n<p style=\"font-weight: 400;\">N\u00e3o fique de fora dessa festa! Participe!<\/p>\n<p style=\"font-weight: 400;\">Confira a programa\u00e7\u00e3o completa a seguir.<\/p>\n<p>Foto:Divulga\u00e7\u00e3o<\/p>\n<p><img loading=\"lazy\" decoding=\"async\" class=\"wp-image-57770 aligncenter\" src=\"http:\/\/portalcatolico.net\/portal\/wp-content\/uploads\/2018\/08\/39736397_905310742996717_651090692449239040_n-206x300.jpg\" alt=\"\" width=\"739\" height=\"1076\" srcset=\"http:\/\/portalcatolico.net\/portal\/wp-content\/uploads\/2018\/08\/39736397_905310742996717_651090692449239040_n-206x300.jpg 206w, http:\/\/portalcatolico.net\/portal\/wp-content\/uploads\/2018\/08\/39736397_905310742996717_651090692449239040_n.jpg 660w\" sizes=\"auto, (max-width: 739px) 100vw, 739px\" \/><\/p>\n","protected":false},"excerpt":{"rendered":"<p>\u00c9 com o tema &#8220;Por amor \u00e0 Jesus&#8221;, que ser\u00e1 celebrado em Itabuna (BA), o Tr\u00edduo em homenagem \u00e0 Nossa Senhora da Gl\u00f3ria, padroeira de Mutuns. As celebra\u00e7\u00f5es ir\u00e3o acontecer nos dias 23, 24 e 25 de agosto, \u00e0s 19h. A coordena\u00e7\u00e3o da festa informou que nesses tr\u00eas dias ter\u00e3o \u00f4nibus dispon\u00edveis. No dia 23,&nbsp;<\/p>\n<p><a class=\"btn btn-style\" href=\"http:\/\/portalcatolico.net\/portal\/paroquia-em-itabuna-realiza-triduo-em-honra-a-nossa-senhora-da-gloria\/\">Continue Reading<\/a><\/p>\n","protected":false},"author":2,"featured_media":57773,"comment_status":"open","ping_status":"open","sticky":false,"template":"","format":"standard","meta":{"footnotes":""},"categories":[1],"tags":[],"class_list":["post-57769","post","type-post","status-publish","format-standard","has-post-thumbnail","hentry","category-agenda"],"_links":{"self":[{"href":"http:\/\/portalcatolico.net\/portal\/wp-json\/wp\/v2\/posts\/57769","targetHints":{"allow":["GET"]}}],"collection":[{"href":"http:\/\/portalcatolico.net\/portal\/wp-json\/wp\/v2\/posts"}],"about":[{"href":"http:\/\/portalcatolico.net\/portal\/wp-json\/wp\/v2\/types\/post"}],"author":[{"embeddable":true,"href":"http:\/\/portalcatolico.net\/portal\/wp-json\/wp\/v2\/users\/2"}],"replies":[{"embeddable":true,"href":"http:\/\/portalcatolico.net\/portal\/wp-json\/wp\/v2\/comments?post=57769"}],"version-history":[{"count":1,"href":"http:\/\/portalcatolico.net\/portal\/wp-json\/wp\/v2\/posts\/57769\/revisions"}],"predecessor-version":[{"id":57772,"href":"http:\/\/portalcatolico.net\/portal\/wp-json\/wp\/v2\/posts\/57769\/revisions\/57772"}],"wp:featuredmedia":[{"embeddable":true,"href":"http:\/\/portalcatolico.net\/portal\/wp-json\/wp\/v2\/media\/57773"}],"wp:attachment":[{"href":"http:\/\/portalcatolico.net\/portal\/wp-json\/wp\/v2\/media?parent=57769"}],"wp:term":[{"taxonomy":"category","embeddable":true,"href":"http:\/\/portalcatolico.net\/portal\/wp-json\/wp\/v2\/categories?post=57769"},{"taxonomy":"post_tag","embeddable":true,"href":"http:\/\/portalcatolico.net\/portal\/wp-json\/wp\/v2\/tags?post=57769"}],"curies":[{"name":"wp","href":"https:\/\/api.w.org\/{rel}","templated":true}]}}