{"id":57765,"date":"2018-08-22T06:11:48","date_gmt":"2018-08-22T09:11:48","guid":{"rendered":"http:\/\/portalcatolico.net\/portal\/?p=57765"},"modified":"2018-08-22T06:11:48","modified_gmt":"2018-08-22T09:11:48","slug":"g-burke-papa-na-irlanda-para-celebrar-a-familia-escola-de-virtude","status":"publish","type":"post","link":"http:\/\/portalcatolico.net\/portal\/g-burke-papa-na-irlanda-para-celebrar-a-familia-escola-de-virtude\/","title":{"rendered":"G. Burke: Papa na Irlanda para celebrar a fam\u00edlia, escola de virtude"},"content":{"rendered":"<p>Na coletiva de imprensa com os jornalistas. o diretor da Sala de Imprensa da Santa S\u00e9, Greg Burke, apresentou os v\u00e1rios momentos da viagem do Papa Francisco \u00e0 Irlanda, marcada para os dias 25 e 26 de agosto.<\/p>\n<p>H\u00e1 dois momentos centrais da 24\u00aa Viagem Apost\u00f3lica do Papa Francisco \u00e0 Irlanda: o festival marcado para o pr\u00f3ximo s\u00e1bado no Croke Park Stadium e a Santa Missa de domingo no Phoenix Park. Foi o que sublinhou o diretor da Sala de Imprensa da Santa S\u00e9,&nbsp; ao apresentar &nbsp;aos jornalistas nesta ter\u00e7a-feira, 21,&nbsp; o programa da viagem do Pont\u00edfice por ocasi\u00e3o do IX Encontro Mundial das Fam\u00edlias.<\/p>\n<p>Ao VaticanNews, Greg Burke recordou que os dois dias de Francisco na Irlanda, 25 e 26,&nbsp; tamb\u00e9m ser\u00e3o marcados por momentos especiais de ora\u00e7\u00e3o:<\/p>\n<p>R. &#8211;&nbsp;<i>Ser\u00e1 uma viagem muito breve, mas tamb\u00e9m muito intensa. Acredito que veremos o Papa que falar\u00e1 e celebrar\u00e1 com as fam\u00edlias. S\u00e1bado \u00e0 noite haver\u00e1 a vig\u00edlia e domingo a Missa. Depois, no s\u00e1bado, haver\u00e1 outro evento, na Catedral, durante o qual o Papa ver\u00e1 casais jovens: casais que se casaram recentemente ou que em poucos meses receber\u00e3o o Sacramento do Matrim\u00f4nio. Ent\u00e3o, este ser\u00e1 outro momento para a fam\u00edlia.<\/i><\/p>\n<p><b>A Irlanda \u00e9 um pa\u00eds abalado pelo flagelo dos abusos. Na recente Carta ao Povo de Deus, o Papa Francisco falou precisamente desse flagelo como um &#8220;crime&#8221; que gera profundas feridas. Justamente para aliviar essa dor, para tentar estar pr\u00f3ximo daqueles que sofreram, o Papa rezar\u00e1 e tamb\u00e9m se encontrar\u00e1 com algumas v\u00edtimas &#8230;<\/b><\/p>\n<p>R. &#8211;<i>&nbsp;Segundo o programa, haver\u00e1 ora\u00e7\u00e3o na Capela do Sant\u00edssimo da Catedral, onde h\u00e1 anos est\u00e1 acesa uma vela por todas as v\u00edtimas dos v\u00e1rios abusos. O Papa rezar\u00e1 l\u00e1 em sil\u00eancio. No programa, n\u00e3o est\u00e1 previsto um encontro com as v\u00edtimas, mesmo que durante as viagens, onde os abusos foram uma realidade marcante, o Papa encontra as v\u00edtimas. Somente ap\u00f3s o encontro, ser\u00e3o&nbsp; as v\u00edtimas a dizer o que querem tornar p\u00fablico. O importante para o Papa nesses momentos \u00e9 que seja um momento de ora\u00e7\u00e3o, de sil\u00eancio, de escuta.<\/i><\/p>\n<p><b>Existe o risco de que a quest\u00e3o dos abusos possa de alguma forma ofuscar esta viagem a Dublin?<\/b><\/p>\n<p>R. \u2013&nbsp;<i>Certamente, n\u00e3o \u00e9 f\u00e1cil fazer uma viagem normal, tendo em conta os recentes acontecimentos na Irlanda. Dito isto, \u00e9 claro que o Papa vai para a Irlanda por uma raz\u00e3o, que \u00e9 o Encontro Mundial das Fam\u00edlias. E esta ser\u00e1 sua \u00eanfase.<\/i><\/p>\n<p><b>Qual \u00e9 a situa\u00e7\u00e3o das fam\u00edlias irlandesas?<\/b><\/p>\n<p>R. &#8211;<i>&nbsp;Eu acredito que a Irlanda \u00e9 um pa\u00eds de grande tradi\u00e7\u00e3o cat\u00f3lica, crist\u00e3, mas que se desenvolveu muito rapidamente ultimamente, e tamb\u00e9m se tornou secularizado. Portanto, sempre h\u00e1 desafios para as fam\u00edlias, mas talvez ainda mais hoje. Este, portanto, &nbsp;\u00e9 um bom teste: o Papa acredita que a fam\u00edlia \u00e9 a escola das virtudes e que, em uma fam\u00edlia, uma pessoa pode<\/i>&nbsp;aprender a pensar n\u00e3o apenas em si mesma, mas tamb\u00e9m nos outros. \u00c9 por isso que o Papa &nbsp;fala sempre da import\u00e2ncia da fam\u00edlia para toda a sociedade. Ent\u00e3o a fam\u00edlia deve ser apoiada.<\/p>\n<p><b>Durante a viagem a Dublin, o Papa Francisco tamb\u00e9m rezar\u00e1 para que o homem possa libertar-se de uma forma particular de depend\u00eancia &#8230;<\/b><\/p>\n<p>R. &#8211;<i>&nbsp;Durante a transfer\u00eancia da nunciatura para a catedral, o Papa ir\u00e1 parar para rezar diante das rel\u00edquias de um vener\u00e1vel, Matt Talbot. Por muitos anos este Vener\u00e1vel bebeu,&nbsp; bebeu muito &#8230; Embora ele n\u00e3o seja santo, as pessoas pensam nele um pouco como um patrono das v\u00edtimas da depend\u00eancia&nbsp; do \u00e1lcool. Ser\u00e1 um tempo muito breve, mas claramente \u00e9 uma hist\u00f3ria interessante.(Vatican News)<\/i><\/p>\n<p>Por: Amedeo Lomonaco<\/p>\n<p>&nbsp;<\/p>\n","protected":false},"excerpt":{"rendered":"<p>Na coletiva de imprensa com os jornalistas. o diretor da Sala de Imprensa da Santa S\u00e9, Greg Burke, apresentou os v\u00e1rios momentos da viagem do Papa Francisco \u00e0 Irlanda, marcada para os dias 25 e 26 de agosto. H\u00e1 dois momentos centrais da 24\u00aa Viagem Apost\u00f3lica do Papa Francisco \u00e0 Irlanda: o festival marcado para&nbsp;<\/p>\n<p><a class=\"btn btn-style\" href=\"http:\/\/portalcatolico.net\/portal\/g-burke-papa-na-irlanda-para-celebrar-a-familia-escola-de-virtude\/\">Continue Reading<\/a><\/p>\n","protected":false},"author":2,"featured_media":57766,"comment_status":"open","ping_status":"open","sticky":false,"template":"","format":"standard","meta":{"footnotes":""},"categories":[5],"tags":[],"class_list":["post-57765","post","type-post","status-publish","format-standard","has-post-thumbnail","hentry","category-igreja_no_mundo"],"_links":{"self":[{"href":"http:\/\/portalcatolico.net\/portal\/wp-json\/wp\/v2\/posts\/57765","targetHints":{"allow":["GET"]}}],"collection":[{"href":"http:\/\/portalcatolico.net\/portal\/wp-json\/wp\/v2\/posts"}],"about":[{"href":"http:\/\/portalcatolico.net\/portal\/wp-json\/wp\/v2\/types\/post"}],"author":[{"embeddable":true,"href":"http:\/\/portalcatolico.net\/portal\/wp-json\/wp\/v2\/users\/2"}],"replies":[{"embeddable":true,"href":"http:\/\/portalcatolico.net\/portal\/wp-json\/wp\/v2\/comments?post=57765"}],"version-history":[{"count":1,"href":"http:\/\/portalcatolico.net\/portal\/wp-json\/wp\/v2\/posts\/57765\/revisions"}],"predecessor-version":[{"id":57767,"href":"http:\/\/portalcatolico.net\/portal\/wp-json\/wp\/v2\/posts\/57765\/revisions\/57767"}],"wp:featuredmedia":[{"embeddable":true,"href":"http:\/\/portalcatolico.net\/portal\/wp-json\/wp\/v2\/media\/57766"}],"wp:attachment":[{"href":"http:\/\/portalcatolico.net\/portal\/wp-json\/wp\/v2\/media?parent=57765"}],"wp:term":[{"taxonomy":"category","embeddable":true,"href":"http:\/\/portalcatolico.net\/portal\/wp-json\/wp\/v2\/categories?post=57765"},{"taxonomy":"post_tag","embeddable":true,"href":"http:\/\/portalcatolico.net\/portal\/wp-json\/wp\/v2\/tags?post=57765"}],"curies":[{"name":"wp","href":"https:\/\/api.w.org\/{rel}","templated":true}]}}