{"id":57762,"date":"2018-08-21T22:44:10","date_gmt":"2018-08-22T01:44:10","guid":{"rendered":"http:\/\/portalcatolico.net\/portal\/?p=57762"},"modified":"2018-08-21T22:44:10","modified_gmt":"2018-08-22T01:44:10","slug":"teolandia-sediara-o-vi-congresso-diocesano-participe","status":"publish","type":"post","link":"http:\/\/portalcatolico.net\/portal\/teolandia-sediara-o-vi-congresso-diocesano-participe\/","title":{"rendered":"Teol\u00e2ndia sediar\u00e1 o VI Congresso Diocesano. Participe!"},"content":{"rendered":"<p style=\"font-weight: 400;\">A Renova\u00e7\u00e3o Carism\u00e1tica Cat\u00f3lica da Diocese de Ilh\u00e9us, no sul da Bahia,&nbsp;realizar\u00e1 o VI Congresso Diocesano nos dias 24, 25 e 26 de agosto, no Gin\u00e1sio Poliesportivo e&nbsp; a cidade&nbsp; anfitri\u00e3&nbsp; ser\u00e1 Teol\u00e2ndia&nbsp; (BA).<br \/>\nCom o tema central: &#8221; Eis que Estou \u00e0 porta e bato&#8221; (Ap 3, 20a) O IV Congressinho Diocesano, voltado para as crian\u00e7as dos participantes,&nbsp;ter\u00e1 um investimento de R$15 reais.<\/p>\n<p style=\"font-weight: 400;\">O Congresso Diocesano da Renova\u00e7\u00e3o&nbsp;Carism\u00e1tica Cat\u00f3lica (RCC) \u00e9 um evento realizado para todos os membros&nbsp;dos grupos de ora\u00e7\u00e3o, al\u00e9m de outros movimentos e pastorais da Igreja.&nbsp;<br \/>\nApresenta-se como lugar de encontro fraterno e de experi\u00eancia com Deus.&nbsp;<br \/>\nTodos s\u00e3o chamados \u00e0 vivenciar momentos de intimidade com Deus atrav\u00e9s&nbsp;da Santa Missa, louvor, confiss\u00f5es, prega\u00e7\u00f5es, adora\u00e7\u00e3o ao Sant\u00edssimo&nbsp;Sacramento e profundos momentos de ora\u00e7\u00e3o, al\u00e9m da noite carism\u00e1tica com&nbsp;cantora Olivia Ferreira.<\/p>\n<p style=\"font-weight: 400;\">\nO evento contar\u00e1 com a presen\u00e7a dos carism\u00e1ticos: Wendell Barros (RCC de&nbsp;Minas Gerais) Terezinha Ara\u00fajo (RCC Bahia) Cl\u00eaudson Lawinsky (RCC&nbsp;Diocese de Ilh\u00e9us) entre outras personalidades religiosas. Para obter&nbsp;maiores informa\u00e7\u00f5es e esclarecimentos, procure o Grupo de Ora\u00e7\u00e3o na&nbsp;Par\u00f3quia da sua cidade ou pelo telefone: (73) 9 8801-7269.<\/p>\n<p>Arte:Divulga\u00e7\u00e3o\/RCCILH\u00c9US<\/p>\n<p>Texto:Portal Cat\u00f3lico.Net<\/p>\n","protected":false},"excerpt":{"rendered":"<p>A Renova\u00e7\u00e3o Carism\u00e1tica Cat\u00f3lica da Diocese de Ilh\u00e9us, no sul da Bahia,&nbsp;realizar\u00e1 o VI Congresso Diocesano nos dias 24, 25 e 26 de agosto, no Gin\u00e1sio Poliesportivo e&nbsp; a cidade&nbsp; anfitri\u00e3&nbsp; ser\u00e1 Teol\u00e2ndia&nbsp; (BA). Com o tema central: &#8221; Eis que Estou \u00e0 porta e bato&#8221; (Ap 3, 20a) O IV Congressinho Diocesano, voltado para&nbsp;<\/p>\n<p><a class=\"btn btn-style\" href=\"http:\/\/portalcatolico.net\/portal\/teolandia-sediara-o-vi-congresso-diocesano-participe\/\">Continue Reading<\/a><\/p>\n","protected":false},"author":2,"featured_media":57763,"comment_status":"open","ping_status":"open","sticky":false,"template":"","format":"standard","meta":{"footnotes":""},"categories":[1],"tags":[],"class_list":["post-57762","post","type-post","status-publish","format-standard","has-post-thumbnail","hentry","category-agenda"],"_links":{"self":[{"href":"http:\/\/portalcatolico.net\/portal\/wp-json\/wp\/v2\/posts\/57762","targetHints":{"allow":["GET"]}}],"collection":[{"href":"http:\/\/portalcatolico.net\/portal\/wp-json\/wp\/v2\/posts"}],"about":[{"href":"http:\/\/portalcatolico.net\/portal\/wp-json\/wp\/v2\/types\/post"}],"author":[{"embeddable":true,"href":"http:\/\/portalcatolico.net\/portal\/wp-json\/wp\/v2\/users\/2"}],"replies":[{"embeddable":true,"href":"http:\/\/portalcatolico.net\/portal\/wp-json\/wp\/v2\/comments?post=57762"}],"version-history":[{"count":1,"href":"http:\/\/portalcatolico.net\/portal\/wp-json\/wp\/v2\/posts\/57762\/revisions"}],"predecessor-version":[{"id":57764,"href":"http:\/\/portalcatolico.net\/portal\/wp-json\/wp\/v2\/posts\/57762\/revisions\/57764"}],"wp:featuredmedia":[{"embeddable":true,"href":"http:\/\/portalcatolico.net\/portal\/wp-json\/wp\/v2\/media\/57763"}],"wp:attachment":[{"href":"http:\/\/portalcatolico.net\/portal\/wp-json\/wp\/v2\/media?parent=57762"}],"wp:term":[{"taxonomy":"category","embeddable":true,"href":"http:\/\/portalcatolico.net\/portal\/wp-json\/wp\/v2\/categories?post=57762"},{"taxonomy":"post_tag","embeddable":true,"href":"http:\/\/portalcatolico.net\/portal\/wp-json\/wp\/v2\/tags?post=57762"}],"curies":[{"name":"wp","href":"https:\/\/api.w.org\/{rel}","templated":true}]}}