{"id":57752,"date":"2018-08-20T22:26:55","date_gmt":"2018-08-21T01:26:55","guid":{"rendered":"http:\/\/portalcatolico.net\/portal\/?p=57752"},"modified":"2018-08-20T22:27:56","modified_gmt":"2018-08-21T01:27:56","slug":"carta-de-compromisso-dos-participantes-do-2o-congresso-missionario-sub-regiao-pastoral-vi-da-cnbb-ne-3-e-divulgada-confira","status":"publish","type":"post","link":"http:\/\/portalcatolico.net\/portal\/carta-de-compromisso-dos-participantes-do-2o-congresso-missionario-sub-regiao-pastoral-vi-da-cnbb-ne-3-e-divulgada-confira\/","title":{"rendered":"Carta de Compromisso dos participantes do 2\u00ba Congresso Mission\u00e1rio Sub-Regi\u00e3o Pastoral VI da CNBB NE 3 \u00e9 divulgada. Confira!"},"content":{"rendered":"<p style=\"font-weight: 400;\">Os crist\u00e3os disc\u00edpulos mission\u00e1rios das Dioceses de Itabuna, Ilh\u00e9us, Eun\u00e1polis e Teixeira de Freitas, nos dias 17, 18 e 19 de agosto do ano de 2018, participantes do 2\u00ba Congresso Mission\u00e1rio Sub-Regi\u00e3o Pastoral VI da CNBB NE 3, na cidade de Eun\u00e1polis (BA), motivados pelo tema:&nbsp;<strong><em>&#8220;A alegria do Evangelho no cora\u00e7\u00e3o de uma Igreja em sa\u00edda, prof\u00e9tica e sinodal&#8221;<\/em><\/strong>&nbsp;e do lema:&nbsp;<strong><em>&#8220;A vossa alegria ningu\u00e9m poder\u00e1 tirar&#8221;<\/em>&nbsp;<\/strong>(Jo 16, 22), foram convocados, a testemunhar o Kair\u00f3s de Cristo, o Senhor, sob o protagonismo do Espirito Santo. Para tanto, esperamos do trabalho mission\u00e1rio da nossa Sub-Regi\u00e3o Pastoral VI:<img loading=\"lazy\" decoding=\"async\" class=\"wp-image-57754 aligncenter\" src=\"http:\/\/portalcatolico.net\/portal\/wp-content\/uploads\/2018\/08\/39509566_377643476103958_6741520516231725056_n-300x225.jpg\" alt=\"\" width=\"708\" height=\"531\" srcset=\"http:\/\/portalcatolico.net\/portal\/wp-content\/uploads\/2018\/08\/39509566_377643476103958_6741520516231725056_n-300x225.jpg 300w, http:\/\/portalcatolico.net\/portal\/wp-content\/uploads\/2018\/08\/39509566_377643476103958_6741520516231725056_n-768x576.jpg 768w, http:\/\/portalcatolico.net\/portal\/wp-content\/uploads\/2018\/08\/39509566_377643476103958_6741520516231725056_n.jpg 960w\" sizes=\"auto, (max-width: 708px) 100vw, 708px\" \/><\/p>\n<ol style=\"font-weight: 400;\">\n<li>Aprofundar a pr\u00f3pria experi\u00eancia com Cristo, na ora\u00e7\u00e3o pessoal e comunit\u00e1ria, na medita\u00e7\u00e3o ass\u00eddua da Palavra de Deus e na celebra\u00e7\u00e3o lit\u00fargica, como base para a pr\u00f3pria convers\u00e3o e fundamento de toda a evangeliza\u00e7\u00e3o, expressando a alegria do encontro com Jesus como sinal da pr\u00f3pria identidade crist\u00e3;<\/li>\n<li>Aprofundar a experi\u00eancia pessoal e comunit\u00e1ria do encontro com Jesus nos mais necessitados\/as como fruto de uma Igreja em sa\u00edda;<\/li>\n<li>Aprofundar nossa experi\u00eancia no Esp\u00edrito da Verdade permitindo que Sua a\u00e7\u00e3o em n\u00f3s fa\u00e7a-nos enxergar Sua presen\u00e7a no mundo. O Esp\u00edrito sempre se nos antecipa. O mundo n\u00e3o \u00e9 principalmente o espa\u00e7o do pecado, e sim o lugar onde o mission\u00e1rio\/a deve anunciar a Boa Nova do Reino de Deus;<\/li>\n<li>Repensar e reelaborar o modo de propor a f\u00e9, que embora imut\u00e1vel na sua ess\u00eancia, deve ouvir as exig\u00eancia da cada tempo;<\/li>\n<li>Arriscar novas estruturas eclesiais, menos jur\u00eddicas ou centradas na hierarquia e mais flex\u00edveis para facilitar a presen\u00e7a do Evangelho nos ambientes menos atendidos. Importa sonhar com uma Igreja comprometida com o Evangelho, gerando testemunhos de uma f\u00e9 destemida e fortemente engajada;&nbsp;&nbsp;<\/li>\n<li>Ser uma Igreja prof\u00e9tica, defensora da vida, das causas da verdade e da justi\u00e7a;<\/li>\n<li>Incentivar o esp\u00edrito mission\u00e1rio que desconhece fronteiras;<\/li>\n<\/ol>\n<p style=\"font-weight: 400;\">Na carta que foi divulgada, os congressistas mission\u00e1rios dizem: &#8220;N\u00f3s, congressistas mission\u00e1rios\/as, estamos convictos de que o Esp\u00edrito Santo nos impulsiona a viver em estado permanente de miss\u00e3o. Por isso, esta carta se dirige \u00e0s comunidades, em contribui\u00e7\u00e3o ao progresso da f\u00e9 e amplia\u00e7\u00e3o da pr\u00e1tica evangelizadora nos caminhos pelos quais o Esp\u00edrito Santo conduz a sua Igreja em qualquer tempo da hist\u00f3ria.&#8221;<\/p>\n<p><img loading=\"lazy\" decoding=\"async\" class=\"wp-image-57755 aligncenter\" src=\"http:\/\/portalcatolico.net\/portal\/wp-content\/uploads\/2018\/08\/39594292_237269243532403_2206643485312811008_n-300x101.jpg\" alt=\"\" width=\"734\" height=\"247\" srcset=\"http:\/\/portalcatolico.net\/portal\/wp-content\/uploads\/2018\/08\/39594292_237269243532403_2206643485312811008_n-300x101.jpg 300w, http:\/\/portalcatolico.net\/portal\/wp-content\/uploads\/2018\/08\/39594292_237269243532403_2206643485312811008_n-768x260.jpg 768w, http:\/\/portalcatolico.net\/portal\/wp-content\/uploads\/2018\/08\/39594292_237269243532403_2206643485312811008_n-1024x346.jpg 1024w, http:\/\/portalcatolico.net\/portal\/wp-content\/uploads\/2018\/08\/39594292_237269243532403_2206643485312811008_n.jpg 1280w\" sizes=\"auto, (max-width: 734px) 100vw, 734px\" \/><\/p>\n<p>Carta do II Congresso Mission\u00e1rio&nbsp; enviado por Dom Jos\u00e9 Edson Santana,bispo da Diocese de Eun\u00e1polis (BA)<\/p>\n<p><img loading=\"lazy\" decoding=\"async\" class=\"wp-image-57756 aligncenter\" src=\"http:\/\/portalcatolico.net\/portal\/wp-content\/uploads\/2018\/08\/39572549_277812069488928_1434299518135828480_n-300x225.jpg\" alt=\"\" width=\"728\" height=\"546\" srcset=\"http:\/\/portalcatolico.net\/portal\/wp-content\/uploads\/2018\/08\/39572549_277812069488928_1434299518135828480_n-300x225.jpg 300w, http:\/\/portalcatolico.net\/portal\/wp-content\/uploads\/2018\/08\/39572549_277812069488928_1434299518135828480_n-768x576.jpg 768w, http:\/\/portalcatolico.net\/portal\/wp-content\/uploads\/2018\/08\/39572549_277812069488928_1434299518135828480_n.jpg 960w\" sizes=\"auto, (max-width: 728px) 100vw, 728px\" \/><\/p>\n<p><img loading=\"lazy\" decoding=\"async\" class=\"wp-image-57757 aligncenter\" src=\"http:\/\/portalcatolico.net\/portal\/wp-content\/uploads\/2018\/08\/39606978_448356118999531_8885066005638807552_n-300x225.jpg\" alt=\"\" width=\"735\" height=\"551\" srcset=\"http:\/\/portalcatolico.net\/portal\/wp-content\/uploads\/2018\/08\/39606978_448356118999531_8885066005638807552_n-300x225.jpg 300w, http:\/\/portalcatolico.net\/portal\/wp-content\/uploads\/2018\/08\/39606978_448356118999531_8885066005638807552_n-768x576.jpg 768w, http:\/\/portalcatolico.net\/portal\/wp-content\/uploads\/2018\/08\/39606978_448356118999531_8885066005638807552_n.jpg 960w\" sizes=\"auto, (max-width: 735px) 100vw, 735px\" \/> <img loading=\"lazy\" decoding=\"async\" class=\"wp-image-57758 aligncenter\" src=\"http:\/\/portalcatolico.net\/portal\/wp-content\/uploads\/2018\/08\/39623896_281636799104596_2203561279342247936_n-300x225.jpg\" alt=\"\" width=\"742\" height=\"556\" srcset=\"http:\/\/portalcatolico.net\/portal\/wp-content\/uploads\/2018\/08\/39623896_281636799104596_2203561279342247936_n-300x225.jpg 300w, http:\/\/portalcatolico.net\/portal\/wp-content\/uploads\/2018\/08\/39623896_281636799104596_2203561279342247936_n-768x576.jpg 768w, http:\/\/portalcatolico.net\/portal\/wp-content\/uploads\/2018\/08\/39623896_281636799104596_2203561279342247936_n.jpg 960w\" sizes=\"auto, (max-width: 742px) 100vw, 742px\" \/> <img loading=\"lazy\" decoding=\"async\" class=\"wp-image-57759 aligncenter\" src=\"http:\/\/portalcatolico.net\/portal\/wp-content\/uploads\/2018\/08\/39685800_320256845205997_6043045081693290496_n-300x225.jpg\" alt=\"\" width=\"737\" height=\"553\" srcset=\"http:\/\/portalcatolico.net\/portal\/wp-content\/uploads\/2018\/08\/39685800_320256845205997_6043045081693290496_n-300x225.jpg 300w, http:\/\/portalcatolico.net\/portal\/wp-content\/uploads\/2018\/08\/39685800_320256845205997_6043045081693290496_n-768x576.jpg 768w, http:\/\/portalcatolico.net\/portal\/wp-content\/uploads\/2018\/08\/39685800_320256845205997_6043045081693290496_n.jpg 960w\" sizes=\"auto, (max-width: 737px) 100vw, 737px\" \/><\/p>\n<p>Fotos:COMIDI<\/p>\n","protected":false},"excerpt":{"rendered":"<p>Os crist\u00e3os disc\u00edpulos mission\u00e1rios das Dioceses de Itabuna, Ilh\u00e9us, Eun\u00e1polis e Teixeira de Freitas, nos dias 17, 18 e 19 de agosto do ano de 2018, participantes do 2\u00ba Congresso Mission\u00e1rio Sub-Regi\u00e3o Pastoral VI da CNBB NE 3, na cidade de Eun\u00e1polis (BA), motivados pelo tema:&nbsp;&#8220;A alegria do Evangelho no cora\u00e7\u00e3o de uma Igreja em&nbsp;<\/p>\n<p><a class=\"btn btn-style\" href=\"http:\/\/portalcatolico.net\/portal\/carta-de-compromisso-dos-participantes-do-2o-congresso-missionario-sub-regiao-pastoral-vi-da-cnbb-ne-3-e-divulgada-confira\/\">Continue Reading<\/a><\/p>\n","protected":false},"author":2,"featured_media":57753,"comment_status":"open","ping_status":"open","sticky":false,"template":"","format":"standard","meta":{"footnotes":""},"categories":[69],"tags":[],"class_list":["post-57752","post","type-post","status-publish","format-standard","has-post-thumbnail","hentry","category-artigos"],"_links":{"self":[{"href":"http:\/\/portalcatolico.net\/portal\/wp-json\/wp\/v2\/posts\/57752","targetHints":{"allow":["GET"]}}],"collection":[{"href":"http:\/\/portalcatolico.net\/portal\/wp-json\/wp\/v2\/posts"}],"about":[{"href":"http:\/\/portalcatolico.net\/portal\/wp-json\/wp\/v2\/types\/post"}],"author":[{"embeddable":true,"href":"http:\/\/portalcatolico.net\/portal\/wp-json\/wp\/v2\/users\/2"}],"replies":[{"embeddable":true,"href":"http:\/\/portalcatolico.net\/portal\/wp-json\/wp\/v2\/comments?post=57752"}],"version-history":[{"count":2,"href":"http:\/\/portalcatolico.net\/portal\/wp-json\/wp\/v2\/posts\/57752\/revisions"}],"predecessor-version":[{"id":57761,"href":"http:\/\/portalcatolico.net\/portal\/wp-json\/wp\/v2\/posts\/57752\/revisions\/57761"}],"wp:featuredmedia":[{"embeddable":true,"href":"http:\/\/portalcatolico.net\/portal\/wp-json\/wp\/v2\/media\/57753"}],"wp:attachment":[{"href":"http:\/\/portalcatolico.net\/portal\/wp-json\/wp\/v2\/media?parent=57752"}],"wp:term":[{"taxonomy":"category","embeddable":true,"href":"http:\/\/portalcatolico.net\/portal\/wp-json\/wp\/v2\/categories?post=57752"},{"taxonomy":"post_tag","embeddable":true,"href":"http:\/\/portalcatolico.net\/portal\/wp-json\/wp\/v2\/tags?post=57752"}],"curies":[{"name":"wp","href":"https:\/\/api.w.org\/{rel}","templated":true}]}}