{"id":57743,"date":"2018-08-20T08:31:26","date_gmt":"2018-08-20T11:31:26","guid":{"rendered":"http:\/\/portalcatolico.net\/portal\/?p=57743"},"modified":"2018-08-20T09:07:22","modified_gmt":"2018-08-20T12:07:22","slug":"encerramento-da-semana-da-familia-e-celebrada-com-missa-campal-em-itabuna","status":"publish","type":"post","link":"http:\/\/portalcatolico.net\/portal\/encerramento-da-semana-da-familia-e-celebrada-com-missa-campal-em-itabuna\/","title":{"rendered":"Encerramento da Semana da Fam\u00edlia \u00e9 celebrada com missa campal em Itabuna"},"content":{"rendered":"<div dir=\"auto\">A Pastoral Familiar da Diocese de Itabuna, no sul da Bahia, celebrou ontem (19), em pra\u00e7a p\u00fablica, o encerramento da Semana Nacional da Fam\u00edlia 2018. O evento tem como objetivo geral promover, fortalecer e evangelizar as fam\u00edlias, a partir de Jesus Cristo e na for\u00e7a do Esp\u00edrito Santo, alimentada pela Palavra de Deus e pela Eucaristia.&nbsp;<\/div>\n<div dir=\"auto\"><img loading=\"lazy\" decoding=\"async\" class=\"wp-image-57747 aligncenter\" src=\"http:\/\/portalcatolico.net\/portal\/wp-content\/uploads\/2018\/08\/39610613_945354495667173_692636671312658432_n-300x200.jpg\" alt=\"\" width=\"735\" height=\"490\" srcset=\"http:\/\/portalcatolico.net\/portal\/wp-content\/uploads\/2018\/08\/39610613_945354495667173_692636671312658432_n-300x200.jpg 300w, http:\/\/portalcatolico.net\/portal\/wp-content\/uploads\/2018\/08\/39610613_945354495667173_692636671312658432_n-768x512.jpg 768w, http:\/\/portalcatolico.net\/portal\/wp-content\/uploads\/2018\/08\/39610613_945354495667173_692636671312658432_n.jpg 960w\" sizes=\"auto, (max-width: 735px) 100vw, 735px\" \/><\/div>\n<div dir=\"auto\">&nbsp;<\/div>\n<div dir=\"auto\">O tema central abordado foi: &#8220;O evangelho da fam\u00edlia, alegria para o mundo&#8221;.&nbsp;<\/div>\n<div dir=\"auto\">O evento que aconteceu durante toda a semana, foi realizado em pra\u00e7a p\u00fablica e teve a participa\u00e7\u00e3o de centenas de fam\u00edlias, jovens, e crian\u00e7as de v\u00e1rias par\u00f3quias.&nbsp;<\/div>\n<div dir=\"auto\">&nbsp;<\/div>\n<div dir=\"auto\">As celebra\u00e7\u00f5es tiveram in\u00edcio no domingo do Dia dos Pais (13), com uma carreata pela cidade.&nbsp;<\/div>\n<div dir=\"auto\">As 33 par\u00f3quias da diocese promoveram momentos de encontro e celebra\u00e7\u00e3o, com a preocupa\u00e7\u00e3o de promover o valor \u00fanico e pr\u00f3prio da fam\u00edlia. Ao longo da semana, em Itabuna na Pra\u00e7a Camacan os agentes da Pastoral Familiar promoveram sete encontros com palestras, show, e distribui\u00e7\u00e3o de brindes, todos os dias e com a participa\u00e7\u00e3o de todas as pastorais, movimentos da cidade de Itabuna.&nbsp;<\/div>\n<div dir=\"auto\">No s\u00e1bado, o show com Frei Gilson e Banda na Pra\u00e7a de Vereadores de Itabuna, abrilhantou ainda mais o evento e animou os fieis.&nbsp;<\/div>\n<div dir=\"auto\">&nbsp;<\/div>\n<div dir=\"auto\">Neste domingo, \u00e0s 16h, aconteceu a missa de encerramento com a presen\u00e7a de quase todos os padres das fanonias Centro, Norte e Sul, e reuniu em pra\u00e7a p\u00fablica cerca de dois mil cat\u00f3licos, na missa de encerramento. O tema do \u00faltimo dia foi: &#8220;Espiritualidade e ora\u00e7\u00e3o na fam\u00edlia e na sociedade&#8221;.&nbsp;<\/div>\n<div dir=\"auto\">A celebra\u00e7\u00e3o da Santa Eucaristia foi presidida por Dom Carlos Alberto dos Santos, Bispo da Diocese de Itabuna, e concelebrada pelo clero diocesano.&nbsp;<\/div>\n<div dir=\"auto\"><img loading=\"lazy\" decoding=\"async\" class=\"wp-image-57746 aligncenter\" src=\"http:\/\/portalcatolico.net\/portal\/wp-content\/uploads\/2018\/08\/39628859_945354715667151_7376858299431387136_n-300x200.jpg\" alt=\"\" width=\"740\" height=\"493\" srcset=\"http:\/\/portalcatolico.net\/portal\/wp-content\/uploads\/2018\/08\/39628859_945354715667151_7376858299431387136_n-300x200.jpg 300w, http:\/\/portalcatolico.net\/portal\/wp-content\/uploads\/2018\/08\/39628859_945354715667151_7376858299431387136_n-768x512.jpg 768w, http:\/\/portalcatolico.net\/portal\/wp-content\/uploads\/2018\/08\/39628859_945354715667151_7376858299431387136_n.jpg 960w\" sizes=\"auto, (max-width: 740px) 100vw, 740px\" \/><\/div>\n<div dir=\"auto\">&nbsp;<\/div>\n<div dir=\"auto\">Em sua homilia, Dom Carlos falou sobre o tema e deixou uma mensagem para as fam\u00edlias presentes: &#8220;Coloque no cora\u00e7\u00e3o de Deus a sua fam\u00edlia. Que seja uma fam\u00edlia santificada, doada e cada vez mais fiel a Deus. Consequentemente voc\u00eas ser\u00e1 bem conduzidos, bem orientados, em casa e na sociedade. Tenha amor e tenha cada vez mais&nbsp; carinho com a sua fam\u00edlia. A fam\u00edlia \u00e9 dom de Deus. \u00c9 presente de Deus!&#8221;<\/div>\n<div dir=\"auto\">&nbsp;<\/div>\n<div dir=\"auto\">Ao final da celebra\u00e7\u00e3o, o Bispo Dom Carlos Alberto agradeceu a todos os meios de comunica\u00e7\u00e3o que colaboraram com a divulga\u00e7\u00e3o do evento, em especial a Pascom (Pastoral da Comunica\u00e7\u00e3o da Diocesana) e a este Portal. A nossa equipe se despede deste brilhante evento com o sentimento de dever cumprido e com muita gratid\u00e3o, e aproveita este espa\u00e7o para parabenizar a todos os envolvidos desta Semana emocionante e inesquec\u00edvel.&nbsp;<\/div>\n<div dir=\"auto\">&nbsp;<\/div>\n<div dir=\"auto\"><em>Gostou? Compartilhe nosso link em suas redes sociais!&nbsp;<\/em><em>Facebook, Twitter, Google+,WhatsApp entre outros.<\/em><\/div>\n<div dir=\"auto\">&nbsp;<\/div>\n<div dir=\"auto\">Texto e fotos:Portal Cat\u00f3lico.net<\/div>\n<div dir=\"auto\">&nbsp;<\/div>\n<div dir=\"auto\">\u00c1lbuns de fotos.<a href=\"https:\/\/www.facebook.com\/portalcatolicooficial\/\"><span style=\"color: #ff0000;\">Clique aqui<\/span><\/a><\/div>\n<div dir=\"auto\">&nbsp;<\/div>\n<div dir=\"auto\">&nbsp;<\/div>\n<div dir=\"auto\">&nbsp;<\/div>\n<div dir=\"auto\">&nbsp;<\/div>\n","protected":false},"excerpt":{"rendered":"<p>A Pastoral Familiar da Diocese de Itabuna, no sul da Bahia, celebrou ontem (19), em pra\u00e7a p\u00fablica, o encerramento da Semana Nacional da Fam\u00edlia 2018. O evento tem como objetivo geral promover, fortalecer e evangelizar as fam\u00edlias, a partir de Jesus Cristo e na for\u00e7a do Esp\u00edrito Santo, alimentada pela Palavra de Deus e pela&nbsp;<\/p>\n<p><a class=\"btn btn-style\" href=\"http:\/\/portalcatolico.net\/portal\/encerramento-da-semana-da-familia-e-celebrada-com-missa-campal-em-itabuna\/\">Continue Reading<\/a><\/p>\n","protected":false},"author":2,"featured_media":57744,"comment_status":"open","ping_status":"open","sticky":false,"template":"","format":"standard","meta":{"footnotes":""},"categories":[68],"tags":[],"class_list":["post-57743","post","type-post","status-publish","format-standard","has-post-thumbnail","hentry","category-homilias"],"_links":{"self":[{"href":"http:\/\/portalcatolico.net\/portal\/wp-json\/wp\/v2\/posts\/57743","targetHints":{"allow":["GET"]}}],"collection":[{"href":"http:\/\/portalcatolico.net\/portal\/wp-json\/wp\/v2\/posts"}],"about":[{"href":"http:\/\/portalcatolico.net\/portal\/wp-json\/wp\/v2\/types\/post"}],"author":[{"embeddable":true,"href":"http:\/\/portalcatolico.net\/portal\/wp-json\/wp\/v2\/users\/2"}],"replies":[{"embeddable":true,"href":"http:\/\/portalcatolico.net\/portal\/wp-json\/wp\/v2\/comments?post=57743"}],"version-history":[{"count":5,"href":"http:\/\/portalcatolico.net\/portal\/wp-json\/wp\/v2\/posts\/57743\/revisions"}],"predecessor-version":[{"id":57751,"href":"http:\/\/portalcatolico.net\/portal\/wp-json\/wp\/v2\/posts\/57743\/revisions\/57751"}],"wp:featuredmedia":[{"embeddable":true,"href":"http:\/\/portalcatolico.net\/portal\/wp-json\/wp\/v2\/media\/57744"}],"wp:attachment":[{"href":"http:\/\/portalcatolico.net\/portal\/wp-json\/wp\/v2\/media?parent=57743"}],"wp:term":[{"taxonomy":"category","embeddable":true,"href":"http:\/\/portalcatolico.net\/portal\/wp-json\/wp\/v2\/categories?post=57743"},{"taxonomy":"post_tag","embeddable":true,"href":"http:\/\/portalcatolico.net\/portal\/wp-json\/wp\/v2\/tags?post=57743"}],"curies":[{"name":"wp","href":"https:\/\/api.w.org\/{rel}","templated":true}]}}