{"id":57737,"date":"2018-08-21T00:21:39","date_gmt":"2018-08-21T03:21:39","guid":{"rendered":"http:\/\/portalcatolico.net\/portal\/?p=57737"},"modified":"2018-08-19T23:22:14","modified_gmt":"2018-08-20T02:22:14","slug":"vem-ai-o-vii-congresso-diocesano-rcc","status":"publish","type":"post","link":"http:\/\/portalcatolico.net\/portal\/vem-ai-o-vii-congresso-diocesano-rcc\/","title":{"rendered":"Vem a\u00ed o VII Congresso Diocesano RCC"},"content":{"rendered":"<div dir=\"auto\">De 13 a 14 de outubro acontecer\u00e1 em Itabuna, o VII Congresso Diocesano da Renova\u00e7\u00e3o Carism\u00e1tica Cat\u00f3lica da Diocese de Itabuna, na Terceira Via Hall, situada no bairro Lomanto.<\/div>\n<div dir=\"auto\">&nbsp;<\/div>\n<div dir=\"auto\">O objetivo do evento \u00e9 reunir carism\u00e1ticos e simpatizantes do movimento de toda as Fanonias: Centro, Sul e Norte que comp\u00f5em as 33 paroquias em 16 munic\u00edpios.&nbsp;<\/div>\n<div dir=\"auto\">&nbsp;<\/div>\n<div dir=\"auto\">As solicita\u00e7\u00f5es de inscri\u00e7\u00f5es devem ser feitas com os coordenadores de Grupos de Ora\u00e7\u00e3o de suas respectivas par\u00f3quias ou Coordenadores Diocesanos. Participe!<\/div>\n","protected":false},"excerpt":{"rendered":"<p>De 13 a 14 de outubro acontecer\u00e1 em Itabuna, o VII Congresso Diocesano da Renova\u00e7\u00e3o Carism\u00e1tica Cat\u00f3lica da Diocese de Itabuna, na Terceira Via Hall, situada no bairro Lomanto. &nbsp; O objetivo do evento \u00e9 reunir carism\u00e1ticos e simpatizantes do movimento de toda as Fanonias: Centro, Sul e Norte que comp\u00f5em as 33 paroquias em&nbsp;<\/p>\n<p><a class=\"btn btn-style\" href=\"http:\/\/portalcatolico.net\/portal\/vem-ai-o-vii-congresso-diocesano-rcc\/\">Continue Reading<\/a><\/p>\n","protected":false},"author":2,"featured_media":57738,"comment_status":"open","ping_status":"open","sticky":false,"template":"","format":"standard","meta":{"footnotes":""},"categories":[1],"tags":[],"class_list":["post-57737","post","type-post","status-publish","format-standard","has-post-thumbnail","hentry","category-agenda"],"_links":{"self":[{"href":"http:\/\/portalcatolico.net\/portal\/wp-json\/wp\/v2\/posts\/57737","targetHints":{"allow":["GET"]}}],"collection":[{"href":"http:\/\/portalcatolico.net\/portal\/wp-json\/wp\/v2\/posts"}],"about":[{"href":"http:\/\/portalcatolico.net\/portal\/wp-json\/wp\/v2\/types\/post"}],"author":[{"embeddable":true,"href":"http:\/\/portalcatolico.net\/portal\/wp-json\/wp\/v2\/users\/2"}],"replies":[{"embeddable":true,"href":"http:\/\/portalcatolico.net\/portal\/wp-json\/wp\/v2\/comments?post=57737"}],"version-history":[{"count":1,"href":"http:\/\/portalcatolico.net\/portal\/wp-json\/wp\/v2\/posts\/57737\/revisions"}],"predecessor-version":[{"id":57739,"href":"http:\/\/portalcatolico.net\/portal\/wp-json\/wp\/v2\/posts\/57737\/revisions\/57739"}],"wp:featuredmedia":[{"embeddable":true,"href":"http:\/\/portalcatolico.net\/portal\/wp-json\/wp\/v2\/media\/57738"}],"wp:attachment":[{"href":"http:\/\/portalcatolico.net\/portal\/wp-json\/wp\/v2\/media?parent=57737"}],"wp:term":[{"taxonomy":"category","embeddable":true,"href":"http:\/\/portalcatolico.net\/portal\/wp-json\/wp\/v2\/categories?post=57737"},{"taxonomy":"post_tag","embeddable":true,"href":"http:\/\/portalcatolico.net\/portal\/wp-json\/wp\/v2\/tags?post=57737"}],"curies":[{"name":"wp","href":"https:\/\/api.w.org\/{rel}","templated":true}]}}