{"id":57734,"date":"2018-08-19T22:33:52","date_gmt":"2018-08-20T01:33:52","guid":{"rendered":"http:\/\/portalcatolico.net\/portal\/?p=57734"},"modified":"2018-08-19T22:34:12","modified_gmt":"2018-08-20T01:34:12","slug":"show-com-frei-gilson-abrilhanta-a-semana-da-familia-em-itabuna","status":"publish","type":"post","link":"http:\/\/portalcatolico.net\/portal\/show-com-frei-gilson-abrilhanta-a-semana-da-familia-em-itabuna\/","title":{"rendered":"Show com Frei Gilson abrilhanta a Semana da Fam\u00edlia em Itabuna"},"content":{"rendered":"<p style=\"font-weight: 400;\">Para comemorar a Semana Nacional da Fam\u00edlia, mais um&nbsp;encontro aconteceu na Pra\u00e7a Rio Cachoeira (Pra\u00e7a em frente \u00e0 C\u00e2mara de&nbsp;Vereadores de Itabuna) e&nbsp; o sexto encontro deste vez, teve show oracional&nbsp;do compositor, cantor e sacerdote, o Frei Gilson e Banda. O show aconteceu \u00e0s 20h deste&nbsp;&nbsp;s\u00e1bado ,18, e contou com a participa\u00e7\u00e3o especial da&nbsp;comunidade MEFA ( Minist\u00e9rio&nbsp; Eucar\u00edstico Fogo no Altar-Diocese de&nbsp;Itabuna).<\/p>\n<p><iframe loading=\"lazy\"  id=\"_ytid_90509\"  width=\"480\" height=\"270\"  data-origwidth=\"480\" data-origheight=\"270\" src=\"https:\/\/www.youtube.com\/embed\/99HCuRmUnUE?enablejsapi=1&#038;autoplay=0&#038;cc_load_policy=0&#038;cc_lang_pref=&#038;iv_load_policy=1&#038;loop=0&#038;rel=1&#038;fs=1&#038;playsinline=0&#038;autohide=2&#038;theme=dark&#038;color=red&#038;controls=1&#038;disablekb=0&#038;\" class=\"__youtube_prefs__  epyt-is-override  no-lazyload\" title=\"YouTube player\"  allow=\"fullscreen; accelerometer; autoplay; clipboard-write; encrypted-media; gyroscope; picture-in-picture; web-share\" referrerpolicy=\"strict-origin-when-cross-origin\" allowfullscreen data-no-lazy=\"1\" data-skipgform_ajax_framebjll=\"\"><\/iframe><\/p>\n<p style=\"font-weight: 400;\">Dom Carlos Alberto, bispo da Diocese de Itabuna aben\u00e7oou a todos que estavam lotando a pra\u00e7a Rio Cachoeira e disse: &#8220;Estamos aqui revitalizando para que a fam\u00edlia seja o centro da nossa sociedade.&nbsp;&nbsp;Vejo que a nossa diocese \u00e9 verdadeiramente uma diocese que busca a santidade. Amem a fam\u00edlia!&#8221;<\/p>\n<p style=\"font-weight: 400;\">Em seguida, o Frei Gilson e Banda animou com suas ora\u00e7\u00f5es,&nbsp;testemunhos e muitas can\u00e7\u00f5es bel\u00edssimas. As can\u00e7\u00f5es e testemunhos do&nbsp;Frei Gilson emocionou muitos cat\u00f3licos e as caravanas de v\u00e1rias cidades&nbsp;<br \/>\nque estavam presentes.&nbsp;<\/p>\n<p style=\"font-weight: 400;\">Os vereadores das cidades de&nbsp;Itabuna e de Salvador Enderson Guinho (Itabuna) e Joseval&nbsp; Rodrigues&nbsp;<br \/>\n(Salvador) tamb\u00e9m se fizeram presentes.<\/p>\n<p style=\"font-weight: 400;\">O&nbsp;Frei Gilson da Silva Pupo&nbsp; Azevedo \u00e9 sacerdote \u00e9 membro da Congrega\u00e7\u00e3o&nbsp;Carmelitas Mensageiras do Esp\u00edrito Santo no Estado de S\u00e3o Paulo(SP). Na oportunidade, ele falou com a equipe do Portal Cat\u00f3lico. Contou que \u00e9 a primeira vez que vem em Itabuna e demonstrou muita alegria em estar na cidade participando da Semana da Fam\u00edlia. Ele falou tamb\u00e9m que n\u00e3o cobrou cach\u00ea para fazer o show, pois segundo ele, a evangeliza\u00e7\u00e3o n\u00e3o pode ser cobrada. E que desde o in\u00edcio de seu minist\u00e9rio, n\u00e3o cobra nada. A \u00fanica coisa que pede \u00e9 que o contratante ajude nas despesas com passagens e pede uma ajuda ministerial, que \u00e9 para ajudar a obra, mas o valor fica \u00e0 par da pessoa que vai &#8220;pagar&#8221;.<\/p>\n<p style=\"font-weight: 400;\">Frei Gilson tamb\u00e9m falou um pouco de sua hist\u00f3ria, que come\u00e7ou com um chamado de Deus entre os 14 e 15 anos. Aos poucos, ele sentiu o desejo de poder fazer, o que j\u00e1 era o chamado da voca\u00e7\u00e3o religiosa, a voca\u00e7\u00e3o para ser padre.&nbsp;&nbsp;Sua trajet\u00f3ria teve o apoio da m\u00e3e, que era muito religiosa e o ajudou a despertar para a voca\u00e7\u00e3o.&nbsp;&nbsp;Sobre a entrada na m\u00fasica, ele contou que come\u00e7ou aos 11 anos, quando aprendeu a tocar viol\u00e3o, e em seguida, outros instrumentos. Mas, o dom de tocar o compor desabrochou ainda mais com a sua ida para o Convento.&nbsp;&nbsp;Sobre o fato de utilizar a m\u00fasica para evangelizar, ele afirma: &#8220;A m\u00fasica quando \u00e9 usada para o bem pode curar os cora\u00e7\u00f5es, levar uma mensagem, libertar&#8230;quando dentro dessa m\u00fasica tem a palavra de Deus, ela tem um poder muito grande. Ent\u00e3o, eu tento utilizar disso para tocar as pessoas&#8221;.<\/p>\n<p>Fotos e reportagem: Valdeni Elias<\/p>\n<p>Edi\u00e7\u00e3o de texto: Anara Passos&nbsp;<\/p>\n<p>\u00c1lbuns de fotos:<a href=\"https:\/\/www.facebook.com\/portalcatolicooficial\/\"><span style=\"color: #ff0000;\">CLIQUE AQUI<\/span><\/a><\/p>\n<p>Assista o v\u00eddeo com os melhores momentos<\/p>\n<p><iframe loading=\"lazy\"  id=\"_ytid_86440\"  width=\"480\" height=\"270\"  data-origwidth=\"480\" data-origheight=\"270\" src=\"https:\/\/www.youtube.com\/embed\/eY3kxu43bmk?enablejsapi=1&#038;autoplay=0&#038;cc_load_policy=0&#038;cc_lang_pref=&#038;iv_load_policy=1&#038;loop=0&#038;rel=1&#038;fs=1&#038;playsinline=0&#038;autohide=2&#038;theme=dark&#038;color=red&#038;controls=1&#038;disablekb=0&#038;\" class=\"__youtube_prefs__  epyt-is-override  no-lazyload\" title=\"YouTube player\"  allow=\"fullscreen; accelerometer; autoplay; clipboard-write; encrypted-media; gyroscope; picture-in-picture; web-share\" referrerpolicy=\"strict-origin-when-cross-origin\" allowfullscreen data-no-lazy=\"1\" data-skipgform_ajax_framebjll=\"\"><\/iframe><\/p>\n","protected":false},"excerpt":{"rendered":"<p>Para comemorar a Semana Nacional da Fam\u00edlia, mais um&nbsp;encontro aconteceu na Pra\u00e7a Rio Cachoeira (Pra\u00e7a em frente \u00e0 C\u00e2mara de&nbsp;Vereadores de Itabuna) e&nbsp; o sexto encontro deste vez, teve show oracional&nbsp;do compositor, cantor e sacerdote, o Frei Gilson e Banda. O show aconteceu \u00e0s 20h deste&nbsp;&nbsp;s\u00e1bado ,18, e contou com a participa\u00e7\u00e3o especial da&nbsp;comunidade MEFA&nbsp;<\/p>\n<p><a class=\"btn btn-style\" href=\"http:\/\/portalcatolico.net\/portal\/show-com-frei-gilson-abrilhanta-a-semana-da-familia-em-itabuna\/\">Continue Reading<\/a><\/p>\n","protected":false},"author":2,"featured_media":57735,"comment_status":"open","ping_status":"open","sticky":false,"template":"","format":"standard","meta":{"footnotes":""},"categories":[65],"tags":[],"class_list":["post-57734","post","type-post","status-publish","format-standard","has-post-thumbnail","hentry","category-entrevistas"],"_links":{"self":[{"href":"http:\/\/portalcatolico.net\/portal\/wp-json\/wp\/v2\/posts\/57734","targetHints":{"allow":["GET"]}}],"collection":[{"href":"http:\/\/portalcatolico.net\/portal\/wp-json\/wp\/v2\/posts"}],"about":[{"href":"http:\/\/portalcatolico.net\/portal\/wp-json\/wp\/v2\/types\/post"}],"author":[{"embeddable":true,"href":"http:\/\/portalcatolico.net\/portal\/wp-json\/wp\/v2\/users\/2"}],"replies":[{"embeddable":true,"href":"http:\/\/portalcatolico.net\/portal\/wp-json\/wp\/v2\/comments?post=57734"}],"version-history":[{"count":1,"href":"http:\/\/portalcatolico.net\/portal\/wp-json\/wp\/v2\/posts\/57734\/revisions"}],"predecessor-version":[{"id":57736,"href":"http:\/\/portalcatolico.net\/portal\/wp-json\/wp\/v2\/posts\/57734\/revisions\/57736"}],"wp:featuredmedia":[{"embeddable":true,"href":"http:\/\/portalcatolico.net\/portal\/wp-json\/wp\/v2\/media\/57735"}],"wp:attachment":[{"href":"http:\/\/portalcatolico.net\/portal\/wp-json\/wp\/v2\/media?parent=57734"}],"wp:term":[{"taxonomy":"category","embeddable":true,"href":"http:\/\/portalcatolico.net\/portal\/wp-json\/wp\/v2\/categories?post=57734"},{"taxonomy":"post_tag","embeddable":true,"href":"http:\/\/portalcatolico.net\/portal\/wp-json\/wp\/v2\/tags?post=57734"}],"curies":[{"name":"wp","href":"https:\/\/api.w.org\/{rel}","templated":true}]}}