{"id":57726,"date":"2018-08-19T23:18:00","date_gmt":"2018-08-20T02:18:00","guid":{"rendered":"http:\/\/portalcatolico.net\/portal\/?p=57726"},"modified":"2018-08-19T22:18:25","modified_gmt":"2018-08-20T01:18:25","slug":"caruru-do-amor-acontece-em-itabuna-3","status":"publish","type":"post","link":"http:\/\/portalcatolico.net\/portal\/caruru-do-amor-acontece-em-itabuna-3\/","title":{"rendered":"Caruru do Amor acontece em Itabuna"},"content":{"rendered":"<p style=\"font-weight: 400;\">Foi realizado neste domingo, 19 de agosto, o tradicional&nbsp;Caruru do Amor, que come\u00e7ou a ser servido \u00e0s 10h30.<br \/>\nO evento aconteceu no sal\u00e3o paroquial da Par\u00f3quia Santa Rita de C\u00e1ssia,&nbsp;na Diocese de&nbsp; Itabuna.<br \/>\nToda a renda&nbsp;arrecada ser\u00e1 em prol do VII&nbsp; PHN( Por hoje N\u00e3o vou mais Pecar) que vai&nbsp;<br \/>\nacontecer nos dias 01, 02 e 03, de setembro no&nbsp; col\u00e9gio CAIC, situado no&nbsp;<br \/>\nbairro Jardim Primavera, em Itabuna.<\/p>\n<p style=\"font-weight: 400;\">Os membros do Grupo de Ora\u00e7\u00e3o da RCC&nbsp; vem atrav\u00e9s deste site&nbsp; agradecer&nbsp;<br \/>\na cada pessoa que adquiriu um bilhete que deu direito ao elemento e que&nbsp;<br \/>\ntamb\u00e9m contribui com a evangeliza\u00e7\u00e3o de centenas de irm\u00e3os de Itabuna e&nbsp;<br \/>\nregi\u00e3o.<\/p>\n<p style=\"font-weight: 400;\">A realiza\u00e7\u00e3o e a organiza\u00e7\u00e3o&nbsp;ficou por conta&nbsp; do grupo de&nbsp;ora\u00e7\u00e3o Santa Rita de C\u00e1ssia, da Renova\u00e7\u00e3o Carism\u00e1tica Cat\u00f3lica na&nbsp;Par\u00f3quia Santa Rita de C\u00e1ssia, que se situa no bairro S\u00e3o Caetano e&nbsp;<br \/>\ncomp\u00f5e a Diocese de Itabuna. A par\u00f3quia Santa Rita de C\u00e1ssia tem como&nbsp;p\u00e1roco, o Frade Capuchino&nbsp;&nbsp;Frei Jos\u00e9 Genilton Castro.<\/p>\n<p>Texto e foto:Portal Cat\u00f3lico.net<\/p>\n<p><img loading=\"lazy\" decoding=\"async\" class=\"alignnone size-medium wp-image-57728\" src=\"http:\/\/portalcatolico.net\/portal\/wp-content\/uploads\/2018\/08\/39468420_893823337495343_178019689975250944_n-300x225.jpg\" alt=\"\" width=\"300\" height=\"225\" srcset=\"http:\/\/portalcatolico.net\/portal\/wp-content\/uploads\/2018\/08\/39468420_893823337495343_178019689975250944_n-300x225.jpg 300w, http:\/\/portalcatolico.net\/portal\/wp-content\/uploads\/2018\/08\/39468420_893823337495343_178019689975250944_n-768x576.jpg 768w, http:\/\/portalcatolico.net\/portal\/wp-content\/uploads\/2018\/08\/39468420_893823337495343_178019689975250944_n.jpg 960w\" sizes=\"auto, (max-width: 300px) 100vw, 300px\" \/> <img loading=\"lazy\" decoding=\"async\" class=\"alignnone size-medium wp-image-57729\" src=\"http:\/\/portalcatolico.net\/portal\/wp-content\/uploads\/2018\/08\/39515269_893823514161992_8217408258529296384_n-300x225.jpg\" alt=\"\" width=\"300\" height=\"225\" srcset=\"http:\/\/portalcatolico.net\/portal\/wp-content\/uploads\/2018\/08\/39515269_893823514161992_8217408258529296384_n-300x225.jpg 300w, http:\/\/portalcatolico.net\/portal\/wp-content\/uploads\/2018\/08\/39515269_893823514161992_8217408258529296384_n-768x576.jpg 768w, http:\/\/portalcatolico.net\/portal\/wp-content\/uploads\/2018\/08\/39515269_893823514161992_8217408258529296384_n.jpg 960w\" sizes=\"auto, (max-width: 300px) 100vw, 300px\" \/> <img loading=\"lazy\" decoding=\"async\" class=\"alignnone size-medium wp-image-57730\" src=\"http:\/\/portalcatolico.net\/portal\/wp-content\/uploads\/2018\/08\/39575649_893822947495382_994245849116573696_n-300x225.jpg\" alt=\"\" width=\"300\" height=\"225\" srcset=\"http:\/\/portalcatolico.net\/portal\/wp-content\/uploads\/2018\/08\/39575649_893822947495382_994245849116573696_n-300x225.jpg 300w, http:\/\/portalcatolico.net\/portal\/wp-content\/uploads\/2018\/08\/39575649_893822947495382_994245849116573696_n-768x576.jpg 768w, http:\/\/portalcatolico.net\/portal\/wp-content\/uploads\/2018\/08\/39575649_893822947495382_994245849116573696_n.jpg 960w\" sizes=\"auto, (max-width: 300px) 100vw, 300px\" \/> <img loading=\"lazy\" decoding=\"async\" class=\"alignnone size-medium wp-image-57731\" src=\"http:\/\/portalcatolico.net\/portal\/wp-content\/uploads\/2018\/08\/39588887_893821810828829_163692834421997568_n-300x225.jpg\" alt=\"\" width=\"300\" height=\"225\" srcset=\"http:\/\/portalcatolico.net\/portal\/wp-content\/uploads\/2018\/08\/39588887_893821810828829_163692834421997568_n-300x225.jpg 300w, http:\/\/portalcatolico.net\/portal\/wp-content\/uploads\/2018\/08\/39588887_893821810828829_163692834421997568_n-768x576.jpg 768w, http:\/\/portalcatolico.net\/portal\/wp-content\/uploads\/2018\/08\/39588887_893821810828829_163692834421997568_n.jpg 960w\" sizes=\"auto, (max-width: 300px) 100vw, 300px\" \/><\/p>\n<p>&nbsp;<\/p>\n","protected":false},"excerpt":{"rendered":"<p>Foi realizado neste domingo, 19 de agosto, o tradicional&nbsp;Caruru do Amor, que come\u00e7ou a ser servido \u00e0s 10h30. O evento aconteceu no sal\u00e3o paroquial da Par\u00f3quia Santa Rita de C\u00e1ssia,&nbsp;na Diocese de&nbsp; Itabuna. Toda a renda&nbsp;arrecada ser\u00e1 em prol do VII&nbsp; PHN( Por hoje N\u00e3o vou mais Pecar) que vai&nbsp; acontecer nos dias 01, 02&nbsp;<\/p>\n<p><a class=\"btn btn-style\" href=\"http:\/\/portalcatolico.net\/portal\/caruru-do-amor-acontece-em-itabuna-3\/\">Continue Reading<\/a><\/p>\n","protected":false},"author":2,"featured_media":57727,"comment_status":"open","ping_status":"open","sticky":false,"template":"","format":"standard","meta":{"footnotes":""},"categories":[2],"tags":[],"class_list":["post-57726","post","type-post","status-publish","format-standard","has-post-thumbnail","hentry","category-eventos"],"_links":{"self":[{"href":"http:\/\/portalcatolico.net\/portal\/wp-json\/wp\/v2\/posts\/57726","targetHints":{"allow":["GET"]}}],"collection":[{"href":"http:\/\/portalcatolico.net\/portal\/wp-json\/wp\/v2\/posts"}],"about":[{"href":"http:\/\/portalcatolico.net\/portal\/wp-json\/wp\/v2\/types\/post"}],"author":[{"embeddable":true,"href":"http:\/\/portalcatolico.net\/portal\/wp-json\/wp\/v2\/users\/2"}],"replies":[{"embeddable":true,"href":"http:\/\/portalcatolico.net\/portal\/wp-json\/wp\/v2\/comments?post=57726"}],"version-history":[{"count":2,"href":"http:\/\/portalcatolico.net\/portal\/wp-json\/wp\/v2\/posts\/57726\/revisions"}],"predecessor-version":[{"id":57733,"href":"http:\/\/portalcatolico.net\/portal\/wp-json\/wp\/v2\/posts\/57726\/revisions\/57733"}],"wp:featuredmedia":[{"embeddable":true,"href":"http:\/\/portalcatolico.net\/portal\/wp-json\/wp\/v2\/media\/57727"}],"wp:attachment":[{"href":"http:\/\/portalcatolico.net\/portal\/wp-json\/wp\/v2\/media?parent=57726"}],"wp:term":[{"taxonomy":"category","embeddable":true,"href":"http:\/\/portalcatolico.net\/portal\/wp-json\/wp\/v2\/categories?post=57726"},{"taxonomy":"post_tag","embeddable":true,"href":"http:\/\/portalcatolico.net\/portal\/wp-json\/wp\/v2\/tags?post=57726"}],"curies":[{"name":"wp","href":"https:\/\/api.w.org\/{rel}","templated":true}]}}