{"id":57723,"date":"2018-08-18T22:02:41","date_gmt":"2018-08-19T01:02:41","guid":{"rendered":"http:\/\/portalcatolico.net\/portal\/?p=57723"},"modified":"2018-08-19T22:03:10","modified_gmt":"2018-08-20T01:03:10","slug":"multidao-lota-arraial-dajuda-para-festa-da-padroeira","status":"publish","type":"post","link":"http:\/\/portalcatolico.net\/portal\/multidao-lota-arraial-dajuda-para-festa-da-padroeira\/","title":{"rendered":"Multid\u00e3o lota Arraial d\u00b4Ajuda para festa da padroeira"},"content":{"rendered":"<p>Uma multid\u00e3o lotou a Pra\u00e7a da Igreja e as ruas do Arraial d\u00b4Ajuda para a festa da padroeira, N. Sr\u00aa d\u00b4Ajuda, encerrada dia 15\/08, com missa solene e prociss\u00e3o com a imagem da santa pelas ruas do distrito. A missa foi celebrada pelo padre Casemiro e o bispo diocesano, D. Jos\u00e9 Edson, com a presen\u00e7a da prefeita de Porto Seguro, Cl\u00e1udia Oliveira e de religiosos de v\u00e1rias par\u00f3quias.<\/p>\n<p>Durante a celebra\u00e7\u00e3o, o bispo cumprimentou os religiosos presentes na pessoa do padre Casemiro, e as autoridades, na pessoa da prefeita. D. Edson&nbsp; lembrou os 469 anos da romaria mais antiga do Brasil. \u201cVamos para os 470 anos de b\u00ean\u00e7\u00e3os e gra\u00e7as no Santu\u00e1rio de Arraial d\u00b4Ajuda. Imagine quantos romeiros j\u00e1 passaram por aqui, nesse lugar mais alto, nessa colina sagrada, levando o nome de Porto Seguro e Arraial para tantos lugares!\u201d.<\/p>\n<p><img loading=\"lazy\" decoding=\"async\" class=\"aligncenter\" src=\"http:\/\/www.atlanticanews.com.br\/uploads\/image\/Fieis.jpg\" alt=\"\" width=\"724\" height=\"483\"><\/p>\n<p>Na prepara\u00e7\u00e3o para a festa, a Prefeitura de Porto Seguro intensificou as a\u00e7\u00f5es no Arraial d&#8217;Ajuda, que est\u00e1 recebendo uma s\u00e9rie de servi\u00e7os de limpeza urbana e manuten\u00e7\u00e3o, incluindo podas, capina, retirada de entulhos, pinturas de meio-fio, limpeza de vias, tapa-buracos e ilumina\u00e7\u00e3o, al\u00e9m da&nbsp;pintura de faixas elevadas e lombadas. Com o apoio da Guarda Municipal e da Pol\u00edcia Militar, fiscais do setor de Concess\u00f5es, realizaram rondas no com\u00e9rcio e na \u00e1rea Parque Central, pra\u00e7a da igreja, estacionamentos e imedia\u00e7\u00f5es da balsa.<\/p>\n<p>Como todos os anos, a prefeita Cl\u00e1udia Oliveira fez quest\u00e3o de participar das celebra\u00e7\u00f5es, participando da missa pela manh\u00e3 e da prociss\u00e3o, a partir das 15 horas, ao lado do bispo D. Jos\u00e9 Edson. \u201cFico muito emocionada em participar de uma festa t\u00e3o tradicional e bonita como esta, que re\u00fane milhares de romeiros e tamb\u00e9m moradores, em uma grande e sincera manifesta\u00e7\u00e3o de f\u00e9. Por isso fa\u00e7o quest\u00e3o de estar aqui, muito mais para agradecer por tantas gra\u00e7as que a nossa cidade tem recebido\u201d, disse a prefeita.<\/p>\n<p>Por: Secom<\/p>\n","protected":false},"excerpt":{"rendered":"<p>Uma multid\u00e3o lotou a Pra\u00e7a da Igreja e as ruas do Arraial d\u00b4Ajuda para a festa da padroeira, N. Sr\u00aa d\u00b4Ajuda, encerrada dia 15\/08, com missa solene e prociss\u00e3o com a imagem da santa pelas ruas do distrito. A missa foi celebrada pelo padre Casemiro e o bispo diocesano, D. Jos\u00e9 Edson, com a presen\u00e7a&nbsp;<\/p>\n<p><a class=\"btn btn-style\" href=\"http:\/\/portalcatolico.net\/portal\/multidao-lota-arraial-dajuda-para-festa-da-padroeira\/\">Continue Reading<\/a><\/p>\n","protected":false},"author":2,"featured_media":57724,"comment_status":"open","ping_status":"open","sticky":false,"template":"","format":"standard","meta":{"footnotes":""},"categories":[2],"tags":[],"class_list":["post-57723","post","type-post","status-publish","format-standard","has-post-thumbnail","hentry","category-eventos"],"_links":{"self":[{"href":"http:\/\/portalcatolico.net\/portal\/wp-json\/wp\/v2\/posts\/57723","targetHints":{"allow":["GET"]}}],"collection":[{"href":"http:\/\/portalcatolico.net\/portal\/wp-json\/wp\/v2\/posts"}],"about":[{"href":"http:\/\/portalcatolico.net\/portal\/wp-json\/wp\/v2\/types\/post"}],"author":[{"embeddable":true,"href":"http:\/\/portalcatolico.net\/portal\/wp-json\/wp\/v2\/users\/2"}],"replies":[{"embeddable":true,"href":"http:\/\/portalcatolico.net\/portal\/wp-json\/wp\/v2\/comments?post=57723"}],"version-history":[{"count":1,"href":"http:\/\/portalcatolico.net\/portal\/wp-json\/wp\/v2\/posts\/57723\/revisions"}],"predecessor-version":[{"id":57725,"href":"http:\/\/portalcatolico.net\/portal\/wp-json\/wp\/v2\/posts\/57723\/revisions\/57725"}],"wp:featuredmedia":[{"embeddable":true,"href":"http:\/\/portalcatolico.net\/portal\/wp-json\/wp\/v2\/media\/57724"}],"wp:attachment":[{"href":"http:\/\/portalcatolico.net\/portal\/wp-json\/wp\/v2\/media?parent=57723"}],"wp:term":[{"taxonomy":"category","embeddable":true,"href":"http:\/\/portalcatolico.net\/portal\/wp-json\/wp\/v2\/categories?post=57723"},{"taxonomy":"post_tag","embeddable":true,"href":"http:\/\/portalcatolico.net\/portal\/wp-json\/wp\/v2\/tags?post=57723"}],"curies":[{"name":"wp","href":"https:\/\/api.w.org\/{rel}","templated":true}]}}