{"id":57720,"date":"2018-08-13T08:47:44","date_gmt":"2018-08-13T11:47:44","guid":{"rendered":"http:\/\/portalcatolico.net\/portal\/?p=57720"},"modified":"2018-08-18T08:47:58","modified_gmt":"2018-08-18T11:47:58","slug":"devotos-participam-da-festa-de-sao-roque","status":"publish","type":"post","link":"http:\/\/portalcatolico.net\/portal\/devotos-participam-da-festa-de-sao-roque\/","title":{"rendered":"Devotos participam da Festa de S\u00e3o Roque"},"content":{"rendered":"<p>S\u00e3o Roque, &nbsp;conhecido &nbsp;como o protetor contra doen\u00e7as e pragas, receber\u00e1 homenagens no dia 16 de agosto. Na Igreja S\u00e3o L\u00e1zaro e S\u00e3o Roque, localizada na Federa\u00e7\u00e3o, o tema escolhido para os festejos deste ano \u00e9 \u201cIluminados pelo testemunho de S\u00e3o Roque, sejamos sal da terra e luz do mundo\u201d.<\/p>\n<p>A programa\u00e7\u00e3o do dia festivo ter\u00e1 in\u00edcio \u00e0s 5h, com a alvorada. Ao longo do dia, os devotos participar\u00e3o de Missas \u00e0s 5h30, 7h, 9h e 11h. J\u00e1 \u00e0s 14h acontecer\u00e1 a recita\u00e7\u00e3o do Ter\u00e7o. A Missa Festiva ter\u00e1 in\u00edcio \u00e0s 15h30 e ser\u00e1 presidida pelo Arcebispo de Salvador e Primaz do Brasil, Dom Murilo Krieger.<\/p>\n<p>Logo ap\u00f3s a Celebra\u00e7\u00e3o Eucar\u00edstica acontecer\u00e1 uma prociss\u00e3o, que seguir\u00e1 at\u00e9 o Cemit\u00e9rio Campo Santo e retornar\u00e1 para a Igreja, onde haver\u00e1 a b\u00ean\u00e7\u00e3o com o Sant\u00edssimo Sacramento, encerrando as homenagens ao santo.<\/p>\n<p>Assessoria de Comunica\u00e7\u00e3o\/Arquidiocese de Salvador<\/p>\n<p>Por: Sara Gomes (Jornalista)<\/p>\n","protected":false},"excerpt":{"rendered":"<p>S\u00e3o Roque, &nbsp;conhecido &nbsp;como o protetor contra doen\u00e7as e pragas, receber\u00e1 homenagens no dia 16 de agosto. Na Igreja S\u00e3o L\u00e1zaro e S\u00e3o Roque, localizada na Federa\u00e7\u00e3o, o tema escolhido para os festejos deste ano \u00e9 \u201cIluminados pelo testemunho de S\u00e3o Roque, sejamos sal da terra e luz do mundo\u201d. A programa\u00e7\u00e3o do dia festivo&nbsp;<\/p>\n<p><a class=\"btn btn-style\" href=\"http:\/\/portalcatolico.net\/portal\/devotos-participam-da-festa-de-sao-roque\/\">Continue Reading<\/a><\/p>\n","protected":false},"author":2,"featured_media":57721,"comment_status":"open","ping_status":"open","sticky":false,"template":"","format":"standard","meta":{"footnotes":""},"categories":[1],"tags":[],"class_list":["post-57720","post","type-post","status-publish","format-standard","has-post-thumbnail","hentry","category-agenda"],"_links":{"self":[{"href":"http:\/\/portalcatolico.net\/portal\/wp-json\/wp\/v2\/posts\/57720","targetHints":{"allow":["GET"]}}],"collection":[{"href":"http:\/\/portalcatolico.net\/portal\/wp-json\/wp\/v2\/posts"}],"about":[{"href":"http:\/\/portalcatolico.net\/portal\/wp-json\/wp\/v2\/types\/post"}],"author":[{"embeddable":true,"href":"http:\/\/portalcatolico.net\/portal\/wp-json\/wp\/v2\/users\/2"}],"replies":[{"embeddable":true,"href":"http:\/\/portalcatolico.net\/portal\/wp-json\/wp\/v2\/comments?post=57720"}],"version-history":[{"count":1,"href":"http:\/\/portalcatolico.net\/portal\/wp-json\/wp\/v2\/posts\/57720\/revisions"}],"predecessor-version":[{"id":57722,"href":"http:\/\/portalcatolico.net\/portal\/wp-json\/wp\/v2\/posts\/57720\/revisions\/57722"}],"wp:featuredmedia":[{"embeddable":true,"href":"http:\/\/portalcatolico.net\/portal\/wp-json\/wp\/v2\/media\/57721"}],"wp:attachment":[{"href":"http:\/\/portalcatolico.net\/portal\/wp-json\/wp\/v2\/media?parent=57720"}],"wp:term":[{"taxonomy":"category","embeddable":true,"href":"http:\/\/portalcatolico.net\/portal\/wp-json\/wp\/v2\/categories?post=57720"},{"taxonomy":"post_tag","embeddable":true,"href":"http:\/\/portalcatolico.net\/portal\/wp-json\/wp\/v2\/tags?post=57720"}],"curies":[{"name":"wp","href":"https:\/\/api.w.org\/{rel}","templated":true}]}}