{"id":57710,"date":"2018-08-17T08:57:45","date_gmt":"2018-08-17T11:57:45","guid":{"rendered":"http:\/\/portalcatolico.net\/portal\/?p=57710"},"modified":"2018-08-17T08:59:58","modified_gmt":"2018-08-17T11:59:58","slug":"celebracoes-da-semana-nacional-da-familia-continuam-em-itabuna","status":"publish","type":"post","link":"http:\/\/portalcatolico.net\/portal\/celebracoes-da-semana-nacional-da-familia-continuam-em-itabuna\/","title":{"rendered":"Celebra\u00e7\u00f5es da Semana Nacional da Fam\u00edlia continuam em Itabuna"},"content":{"rendered":"<p style=\"font-weight: 400;\">A Diocese de Itabuna e a Pastoral Familiar Diocesana deram in\u00edcio \u00e0s comemora\u00e7\u00f5es da&nbsp;&nbsp;Semana Nacional da Fam\u00edlia, em Itabuna (BA), na \u00faltima segunda-feira, 13 de&nbsp;agosto, com o tema central: &#8220;O evangelho da fam\u00edlia, alegria para o&nbsp;mundo&#8221;. O evento est\u00e1 sendo realizado em pra\u00e7a p\u00fablica e est\u00e1 tendo a&nbsp;participa\u00e7\u00e3o de centenas de fam\u00edlias, jovens, e crian\u00e7as de v\u00e1rias&nbsp;<br \/>\npar\u00f3quias.<\/p>\n<p style=\"font-weight: 400;\">Na ocasi\u00e3o, tamb\u00e9m est\u00e3o sendo&nbsp;realizados sorteios e distribui\u00e7\u00e3o de brindes, pela comiss\u00e3o&nbsp;organizadora.<\/p>\n<p style=\"font-weight: 400;\">Nesta quinta-feira (16), mais uma vez, a Pra\u00e7a&nbsp; Camacan, onde est\u00e1 sendo realizado o evento, ficou completamente&nbsp; lotada de fieis&nbsp;cat\u00f3licos.<\/p>\n<p style=\"font-weight: 400;\">O&nbsp;subtema refletido foi: &#8220;A viv\u00eancia do amor no matrim\u00f4nio e na fam\u00edlia&#8221; e quem fez a reflex\u00e3o foi o padre convidado, pe. Ezequias Gon\u00e7alves, da Par\u00f3quia&nbsp; Nossa Senhora Aparecida. Na oportunidade, ele disse: &#8220;Com certeza, nesta Semana, Deus tem falado no cora\u00e7\u00e3o das fam\u00edlias, tem falado no cora\u00e7\u00e3o da Diocese de Itabuna, neste deserto que \u00e9 f\u00e9rtil. E nesta noite n\u00f3s nos reunimos para escutar mais uma palavra de Deus, que nos ensina e nos inspira para levarmos alegria ao mundo&#8221;.<\/p>\n<p style=\"font-weight: 400;\">Em cada noite, duas ou tr\u00eas&nbsp;par\u00f3quias s\u00e3o convidadas, juntamente com seus&nbsp; paroquianos, com as pastorais, os movimentos, padre e di\u00e1conos respons\u00e1veis. Nesta noite, as par\u00f3quias convidadas foram:&nbsp;Nossa Senhora F\u00e1tima, Par\u00f3quia Nossa Senhora Aparecida, al\u00e9m das&nbsp;pastorais e movimento como: Movimento dos Vicentinos e Pastoral da&nbsp;Crian\u00e7a.<\/p>\n<p style=\"font-weight: 400;\">Vale&nbsp;ressaltar que neste domingo (19) a celebra\u00e7\u00e3o da santa eucaristia de&nbsp;encerramento da Semana Nacional da Fam\u00edlia acontecer\u00e1 \u00e0s 16h na pra\u00e7a&nbsp;em frente \u00e0 C\u00e2mara de Vereadores de Itabuna. O bispo da Diocese de&nbsp;Itabuna, Dom Carlos Alberto, avisa que neste dia, devido a essa celebra\u00e7\u00e3o especial,&nbsp;&nbsp;n\u00e3o haver\u00e1 missa em nenhuma par\u00f3quia da cidade, nos&nbsp;hor\u00e1rios das 18 e 19h. Todos os cat\u00f3licos crist\u00e3os da cidade de Itabuna&nbsp;precisam participar do encerramento da Semana Nacional da Fam\u00edlia, pois&nbsp;todos os padres da Faronia Centro, que corresponde \u00e0s 14 par\u00f3quias, v\u00e3o&nbsp;estar&nbsp;concelebrando junto com o bispo. Participe!<\/p>\n<p style=\"font-weight: 400; text-align: left;\">&nbsp; &nbsp; &nbsp; &nbsp; &nbsp; &nbsp; &nbsp; &nbsp; &nbsp; &nbsp; &nbsp; &nbsp; &nbsp; &nbsp; &nbsp; &nbsp; &nbsp; &nbsp; &nbsp; &nbsp; &nbsp; &nbsp; &nbsp; &nbsp; &nbsp; &nbsp;<strong>Confira a programa\u00e7\u00e3o dos \u00faltimos tr\u00eas dias:<\/strong><\/p>\n<p>Dia 17\/08- Sexta-feira-5\u00ba Encontro- Pra\u00e7a Camacan das 19 \u00e0s&nbsp; 21h.<br \/>\nTema: &#8220;ANUNCIAR HOJE O EVAGELHO NA FAM\u00cdLIA&#8221;<br \/>\nPar\u00f3quias respons\u00e1veis: Santa In\u00eas, Nossa Senhora da Piedade,<br \/>\nCatedral S\u00e3o Jos\u00e9, Movimento dos Cursilhos, MECE e o Grupo MEFA.<\/p>\n<p>Dia 18\/08-S\u00e1bado\u2013 6\u00ba Encontro- Pra\u00e7a da C\u00e2mara de Vereadores,&nbsp;\u00e0s 20h<br \/>\nSHOW COM FREI GILSON&nbsp; E BANDA (ser\u00e1 aberto ao p\u00fablico)<br \/>\nRespons\u00e1veis: Comiss\u00e3o Diocesana da Pastoral Familiar<\/p>\n<p>Dia 19\/08-Domingo-7\u00aa Encontro- Pra\u00e7a da C\u00e2mara de Vereadores:&nbsp; &#8220;Santa<br \/>\nMissa&#8221; das 15 \u00e0s 18h.<br \/>\nTema: &#8220;ESPIRITUALIDADE E ORA\u00c7\u00c3O NA FAM\u00cdLIA E NA SOCIEDADE&#8221;<br \/>\nRespons\u00e1veis: Par\u00f3quia Nossa Senhora da Concei\u00e7\u00e3o, Par\u00f3quia Nossa&nbsp;<br \/>\nSenhora das Vit\u00f3rias, Grupos de Jovens, Escaladas, EJC, Comunidade&nbsp;<br \/>\nRainha da Paz.<\/p>\n<p>Texto e fotos:Portal Cat\u00f3lico.Net<\/p>\n<p>\u00c1lbuns de fotos: <a href=\"https:\/\/www.facebook.com\/portalcatolicooficial\"><span style=\"color: #ff0000;\">CLIQUE AQUI<\/span><\/a><\/p>\n","protected":false},"excerpt":{"rendered":"<p>A Diocese de Itabuna e a Pastoral Familiar Diocesana deram in\u00edcio \u00e0s comemora\u00e7\u00f5es da&nbsp;&nbsp;Semana Nacional da Fam\u00edlia, em Itabuna (BA), na \u00faltima segunda-feira, 13 de&nbsp;agosto, com o tema central: &#8220;O evangelho da fam\u00edlia, alegria para o&nbsp;mundo&#8221;. O evento est\u00e1 sendo realizado em pra\u00e7a p\u00fablica e est\u00e1 tendo a&nbsp;participa\u00e7\u00e3o de centenas de fam\u00edlias, jovens, e crian\u00e7as&nbsp;<\/p>\n<p><a class=\"btn btn-style\" href=\"http:\/\/portalcatolico.net\/portal\/celebracoes-da-semana-nacional-da-familia-continuam-em-itabuna\/\">Continue Reading<\/a><\/p>\n","protected":false},"author":2,"featured_media":57714,"comment_status":"open","ping_status":"open","sticky":false,"template":"","format":"standard","meta":{"footnotes":""},"categories":[68],"tags":[],"class_list":["post-57710","post","type-post","status-publish","format-standard","has-post-thumbnail","hentry","category-homilias"],"_links":{"self":[{"href":"http:\/\/portalcatolico.net\/portal\/wp-json\/wp\/v2\/posts\/57710","targetHints":{"allow":["GET"]}}],"collection":[{"href":"http:\/\/portalcatolico.net\/portal\/wp-json\/wp\/v2\/posts"}],"about":[{"href":"http:\/\/portalcatolico.net\/portal\/wp-json\/wp\/v2\/types\/post"}],"author":[{"embeddable":true,"href":"http:\/\/portalcatolico.net\/portal\/wp-json\/wp\/v2\/users\/2"}],"replies":[{"embeddable":true,"href":"http:\/\/portalcatolico.net\/portal\/wp-json\/wp\/v2\/comments?post=57710"}],"version-history":[{"count":4,"href":"http:\/\/portalcatolico.net\/portal\/wp-json\/wp\/v2\/posts\/57710\/revisions"}],"predecessor-version":[{"id":57716,"href":"http:\/\/portalcatolico.net\/portal\/wp-json\/wp\/v2\/posts\/57710\/revisions\/57716"}],"wp:featuredmedia":[{"embeddable":true,"href":"http:\/\/portalcatolico.net\/portal\/wp-json\/wp\/v2\/media\/57714"}],"wp:attachment":[{"href":"http:\/\/portalcatolico.net\/portal\/wp-json\/wp\/v2\/media?parent=57710"}],"wp:term":[{"taxonomy":"category","embeddable":true,"href":"http:\/\/portalcatolico.net\/portal\/wp-json\/wp\/v2\/categories?post=57710"},{"taxonomy":"post_tag","embeddable":true,"href":"http:\/\/portalcatolico.net\/portal\/wp-json\/wp\/v2\/tags?post=57710"}],"curies":[{"name":"wp","href":"https:\/\/api.w.org\/{rel}","templated":true}]}}