{"id":57707,"date":"2018-08-17T06:16:58","date_gmt":"2018-08-17T09:16:58","guid":{"rendered":"http:\/\/portalcatolico.net\/portal\/?p=57707"},"modified":"2018-08-17T06:17:40","modified_gmt":"2018-08-17T09:17:40","slug":"7o-encontro-interestadual-da-juventude-legionaria-de-bahia-e-sergipe-acontecera-em-itabuna","status":"publish","type":"post","link":"http:\/\/portalcatolico.net\/portal\/7o-encontro-interestadual-da-juventude-legionaria-de-bahia-e-sergipe-acontecera-em-itabuna\/","title":{"rendered":"7\u00ba Encontro Interestadual da Juventude Legion\u00e1ria de Bahia e Sergipe acontecer\u00e1 em Itabuna"},"content":{"rendered":"<div dir=\"auto\">Entre os dias 24, 25 e 26 de agosto a cidade e diocese de Itabuna, no sul da Bahia, estar\u00e1 sediando pela primeira vez,&nbsp; o 7\u00ba Encontro Interestadual da Juventude Legion\u00e1ria de Bahia e Sergipe.&nbsp;<\/div>\n<div dir=\"auto\">&nbsp;<\/div>\n<div dir=\"auto\">O encontro acontecer\u00e1 no Centro Pastoral Diocesano, situada no bairro Jardim Vit\u00f3ria. Na sexta-feira (24) iniciar\u00e1 \u00e0s 19h, com a Santa Missa de Abertura celebrada por Dom Carlos Alberto dos Santos, que tamb\u00e9m far\u00e1 o encerramento no domingo (26) \u00e0s 14h.<\/div>\n<div dir=\"auto\">O evento tem como tema: &#8220;Desperta jovem, tu que dorme.&#8221;&nbsp;<\/div>\n<div dir=\"auto\">&nbsp;<\/div>\n<div dir=\"auto\">J\u00e1 est\u00e3o confirmamos entre os convidados e palestrantes, os Padres Adriano Fernandes (Reitor do Semin\u00e1rio Proped\u00eautico da Diocese de Itabuna e p\u00e1roco da Par\u00f3quia Nossa Senhora da Concei\u00e7\u00e3o), o Pe. Tony Val\u00e9rio Rodrigues (p\u00e1roco na Par\u00f3quia Santa Maria Madalena), o Pe. Ezequias Gon\u00e7alves (par\u00f3quia Nossa Senhora Aparecida, do bairro Calif\u00f3rnia), o Pe. Elessandro Feitosa (Par\u00f3quia Senhora Santana em Buerarema), entre outros.&nbsp;<\/div>\n<div dir=\"auto\">&nbsp;<\/div>\n<div dir=\"auto\">Para outras informa\u00e7\u00f5es, entre em contato com Marcos Ant\u00f4nio Dormundo, pelos telefones: (73) 9 8858-8404 \/ (73) 9 9153-4275 (WhatsApp).<\/div>\n<div dir=\"auto\">Organiza\u00e7\u00e3o: Comitiu Regina Apostolorum e Setatus Imaculada (Arquidiocese de Salvador).<\/div>\n<div dir=\"auto\">Por:Portal Cat\u00f3lico.net<\/div>\n","protected":false},"excerpt":{"rendered":"<p>Entre os dias 24, 25 e 26 de agosto a cidade e diocese de Itabuna, no sul da Bahia, estar\u00e1 sediando pela primeira vez,&nbsp; o 7\u00ba Encontro Interestadual da Juventude Legion\u00e1ria de Bahia e Sergipe.&nbsp; &nbsp; O encontro acontecer\u00e1 no Centro Pastoral Diocesano, situada no bairro Jardim Vit\u00f3ria. Na sexta-feira (24) iniciar\u00e1 \u00e0s 19h, com&nbsp;<\/p>\n<p><a class=\"btn btn-style\" href=\"http:\/\/portalcatolico.net\/portal\/7o-encontro-interestadual-da-juventude-legionaria-de-bahia-e-sergipe-acontecera-em-itabuna\/\">Continue Reading<\/a><\/p>\n","protected":false},"author":2,"featured_media":57708,"comment_status":"open","ping_status":"open","sticky":false,"template":"","format":"standard","meta":{"footnotes":""},"categories":[1],"tags":[],"class_list":["post-57707","post","type-post","status-publish","format-standard","has-post-thumbnail","hentry","category-agenda"],"_links":{"self":[{"href":"http:\/\/portalcatolico.net\/portal\/wp-json\/wp\/v2\/posts\/57707","targetHints":{"allow":["GET"]}}],"collection":[{"href":"http:\/\/portalcatolico.net\/portal\/wp-json\/wp\/v2\/posts"}],"about":[{"href":"http:\/\/portalcatolico.net\/portal\/wp-json\/wp\/v2\/types\/post"}],"author":[{"embeddable":true,"href":"http:\/\/portalcatolico.net\/portal\/wp-json\/wp\/v2\/users\/2"}],"replies":[{"embeddable":true,"href":"http:\/\/portalcatolico.net\/portal\/wp-json\/wp\/v2\/comments?post=57707"}],"version-history":[{"count":1,"href":"http:\/\/portalcatolico.net\/portal\/wp-json\/wp\/v2\/posts\/57707\/revisions"}],"predecessor-version":[{"id":57709,"href":"http:\/\/portalcatolico.net\/portal\/wp-json\/wp\/v2\/posts\/57707\/revisions\/57709"}],"wp:featuredmedia":[{"embeddable":true,"href":"http:\/\/portalcatolico.net\/portal\/wp-json\/wp\/v2\/media\/57708"}],"wp:attachment":[{"href":"http:\/\/portalcatolico.net\/portal\/wp-json\/wp\/v2\/media?parent=57707"}],"wp:term":[{"taxonomy":"category","embeddable":true,"href":"http:\/\/portalcatolico.net\/portal\/wp-json\/wp\/v2\/categories?post=57707"},{"taxonomy":"post_tag","embeddable":true,"href":"http:\/\/portalcatolico.net\/portal\/wp-json\/wp\/v2\/tags?post=57707"}],"curies":[{"name":"wp","href":"https:\/\/api.w.org\/{rel}","templated":true}]}}