{"id":57705,"date":"2018-08-17T06:12:56","date_gmt":"2018-08-17T09:12:56","guid":{"rendered":"http:\/\/portalcatolico.net\/portal\/?p=57705"},"modified":"2018-08-17T06:12:56","modified_gmt":"2018-08-17T09:12:56","slug":"o-perfil-das-escolhas","status":"publish","type":"post","link":"http:\/\/portalcatolico.net\/portal\/o-perfil-das-escolhas\/","title":{"rendered":"O perfil das escolhas"},"content":{"rendered":"<p>A vida \u00e9 um dom e, por isso mesmo, exige compet\u00eancia para discernir sobre que dire\u00e7\u00e3o seguir. Saber discernir \u00e9, pois, uma arte que permite construir o bem viver. Trata-se de uma experi\u00eancia human\u00edstica e espiritual, que impacta n\u00e3o somente a pr\u00f3pria exist\u00eancia, mas o cotidiano de pessoas pr\u00f3ximas. \u00c9, assim, fundamental reconhecer que as escolhas requerem responsabilidade, pois levam a vit\u00f3rias ou a derrotas, dependendo da qualidade do discernimento.<\/p>\n<p>Esses processos decis\u00f3rios resultam das experi\u00eancias de vida, de valores morais, espirituais e c\u00edvicos. Se forem qualificados, possibilitam avan\u00e7ar rumo ao bem e \u00e0 justi\u00e7a. Mas, se os equ\u00edvocos prevalecem, tempo e esfor\u00e7os s\u00e3o necess\u00e1rios para recuperar as perdas. Importante perceber: tudo depende das escolhas e, nesse sentido, o exerc\u00edcio da cidadania merece aten\u00e7\u00e3o especial. Cada pessoa precisa ter clareza para escolher o que gera equil\u00edbrio e impulsiona rumo a avan\u00e7os muito necess\u00e1rios.<\/p>\n<p>Op\u00e7\u00f5es inadequadas s\u00e3o especialmente lastim\u00e1veis quando ocorrem por falhas na forma\u00e7\u00e3o human\u00edstica e no exerc\u00edcio cidad\u00e3o. Quando se toma uma dire\u00e7\u00e3o equivocada, as perdas s\u00e3o inevit\u00e1veis e o peso recai sobre os ombros de muitos. \u00c9 necess\u00e1rio refletir, por exemplo, a respeito dos preju\u00edzos sofridos pela sociedade brasileira ao longo da hist\u00f3ria, provocados por quem deveria exercer a representatividade e servir ao povo. &nbsp;Sucessivas crises submetem a popula\u00e7\u00e3o ao sofrimento e amea\u00e7am, principalmente, a vida presente e futura dos mais pobres. Vida que se constr\u00f3i, ou se destr\u00f3i, conforme a qualidade das escolhas. Essa verdade vale para as rela\u00e7\u00f5es no \u00e2mbito dom\u00e9stico, na esfera familiar, mas tamb\u00e9m incide nos dom\u00ednios da esfera profissional, governamental e tantas outras. Por isso, ainda mais graves s\u00e3o as escolhas equivocadas de quem tem o poder de decidir, representando uma grande coletividade. &nbsp;Dependendo das decis\u00f5es, torna-se invi\u00e1vel o atendimento de demandas urgentes.<\/p>\n<p>N\u00e3o menos importante \u00e9 refletir a respeito das escolhas pessoais, de cidad\u00e3os comuns, sobretudo no horizonte deste ano eleitoral, quando a sociedade tem a desafiadora tarefa de eleger candidatos para dar novos rumos ao pa\u00eds. A exig\u00eancia \u00e9 encontrar, entre os que v\u00e3o se submeter \u00e0s urnas, quem tem a sensibilidade human\u00edstica para identificar as reais necessidades da na\u00e7\u00e3o. Essa responsabilidade cidad\u00e3 de votar bem n\u00e3o \u00e9 algo simples, pois, nesse processo, \u00e9 insuficiente a atitude de orientar-se apenas por convic\u00e7\u00f5es pessoais. A escolha de candidatos \u00e9 uma din\u00e2mica que exige a articula\u00e7\u00e3o de muitos elementos.&nbsp; Um exerc\u00edcio de discernimento que busca perceber, nos que disputam as elei\u00e7\u00f5es, os par\u00e2metros morais indispens\u00e1veis para que, no futuro, se eleitos, n\u00e3o negociem o que \u00e9 inegoci\u00e1vel, sejam sempre promotores do bem comum e da justi\u00e7a.<\/p>\n<p>Nas elei\u00e7\u00f5es, as paix\u00f5es pol\u00edticas que fazem \u201cvista grossa\u201d para certas atitudes de candidatos n\u00e3o devem prevalecer. A vit\u00f3ria de partidos n\u00e3o \u00e9 o que importa. O essencial \u00e9 a op\u00e7\u00e3o por pessoas e propostas orientadas por s\u00f3lidos par\u00e2metros human\u00edsticos. Assim, ser\u00e1 poss\u00edvel escolher adequadamente, ajudando a sociedade a trilhar novos rumos. Com um maduro processo de discernimento, os cidad\u00e3os conseguir\u00e3o identificar &#8211; e rejeitar &#8211; candidatos interessados apenas em seus projetos pessoais, em defender partidos e apoiadores, abra\u00e7ando objetivos pouco nobres &#8211; ancorados na mediocridade.<\/p>\n<p>Compete ao eleitor assumir a exigente responsabilidade de se dedicar \u00e0s an\u00e1lises, buscar conhecer melhor o cen\u00e1rio pol\u00edtico, identificar bem os perfis dos candidatos, para poder confiar seu voto a quem, de fato, merece: homens e mulheres humanisticamente competentes, capazes de cumprir o que se prop\u00f5em a fazer. O momento atual pede acertadas escolhas, para que a sociedade brasileira construa um futuro melhor.<\/p>\n<p>Dom Walmor Oliveira de Azevedo<\/p>\n<p>Arcebispo metropolitano de Belo Horizonte (MG)<\/p>\n","protected":false},"excerpt":{"rendered":"<p>A vida \u00e9 um dom e, por isso mesmo, exige compet\u00eancia para discernir sobre que dire\u00e7\u00e3o seguir. Saber discernir \u00e9, pois, uma arte que permite construir o bem viver. Trata-se de uma experi\u00eancia human\u00edstica e espiritual, que impacta n\u00e3o somente a pr\u00f3pria exist\u00eancia, mas o cotidiano de pessoas pr\u00f3ximas. \u00c9, assim, fundamental reconhecer que as&nbsp;<\/p>\n<p><a class=\"btn btn-style\" href=\"http:\/\/portalcatolico.net\/portal\/o-perfil-das-escolhas\/\">Continue Reading<\/a><\/p>\n","protected":false},"author":2,"featured_media":57055,"comment_status":"open","ping_status":"open","sticky":false,"template":"","format":"standard","meta":{"footnotes":""},"categories":[69],"tags":[],"class_list":["post-57705","post","type-post","status-publish","format-standard","has-post-thumbnail","hentry","category-artigos"],"_links":{"self":[{"href":"http:\/\/portalcatolico.net\/portal\/wp-json\/wp\/v2\/posts\/57705","targetHints":{"allow":["GET"]}}],"collection":[{"href":"http:\/\/portalcatolico.net\/portal\/wp-json\/wp\/v2\/posts"}],"about":[{"href":"http:\/\/portalcatolico.net\/portal\/wp-json\/wp\/v2\/types\/post"}],"author":[{"embeddable":true,"href":"http:\/\/portalcatolico.net\/portal\/wp-json\/wp\/v2\/users\/2"}],"replies":[{"embeddable":true,"href":"http:\/\/portalcatolico.net\/portal\/wp-json\/wp\/v2\/comments?post=57705"}],"version-history":[{"count":1,"href":"http:\/\/portalcatolico.net\/portal\/wp-json\/wp\/v2\/posts\/57705\/revisions"}],"predecessor-version":[{"id":57706,"href":"http:\/\/portalcatolico.net\/portal\/wp-json\/wp\/v2\/posts\/57705\/revisions\/57706"}],"wp:featuredmedia":[{"embeddable":true,"href":"http:\/\/portalcatolico.net\/portal\/wp-json\/wp\/v2\/media\/57055"}],"wp:attachment":[{"href":"http:\/\/portalcatolico.net\/portal\/wp-json\/wp\/v2\/media?parent=57705"}],"wp:term":[{"taxonomy":"category","embeddable":true,"href":"http:\/\/portalcatolico.net\/portal\/wp-json\/wp\/v2\/categories?post=57705"},{"taxonomy":"post_tag","embeddable":true,"href":"http:\/\/portalcatolico.net\/portal\/wp-json\/wp\/v2\/tags?post=57705"}],"curies":[{"name":"wp","href":"https:\/\/api.w.org\/{rel}","templated":true}]}}