{"id":57701,"date":"2018-08-16T13:57:47","date_gmt":"2018-08-16T16:57:47","guid":{"rendered":"http:\/\/portalcatolico.net\/portal\/?p=57701"},"modified":"2018-08-16T13:58:29","modified_gmt":"2018-08-16T16:58:29","slug":"tragedia-de-genova-a-cidade-agradece-francisco-pelas-palavras-no-angelus","status":"publish","type":"post","link":"http:\/\/portalcatolico.net\/portal\/tragedia-de-genova-a-cidade-agradece-francisco-pelas-palavras-no-angelus\/","title":{"rendered":"Trag\u00e9dia de G\u00eanova: a cidade agradece Francisco pelas palavras no Angelus"},"content":{"rendered":"<p>Entrevista com o Arcebispo de G\u00eanova, Cardeal Angelo Bagnasco: para evitar trag\u00e9dias, precisamos de compet\u00eancia, compromisso e honestidade.<\/p>\n<p>O&nbsp;<b>Papa Francisco<\/b>&nbsp;rezou ontem, quarta-feira, a ora\u00e7\u00e3o mariana do Angelus com os milhares de fi\u00e9is reunidos na Pra\u00e7a S\u00e3o Pedro na Solenidade da Assun\u00e7\u00e3o &#8211; celebrada na It\u00e1lia e em v\u00e1rios pa\u00edses -, e cuja festa a Igreja no Brasil celebrar\u00e1 no pr\u00f3ximo domingo.<\/p>\n<p>Na conclus\u00e3o de suas palavras o&nbsp;<b>Papa Francisco<\/b>, dirigiu um pensamento particular a todas as pessoas atingidas pela trag\u00e9dia ocorrida ter\u00e7a-feira em G\u00eanova, noroeste da It\u00e1lia, que provocou v\u00edtimas e desconsolo na popula\u00e7\u00e3o.<\/p>\n<p><i>\u201cAo tempo em que confio as pessoas que perderam a vida \u00e0 miseric\u00f3rdia de Deus, expresso minha proximidade espiritual a seus familiares, aos feridos, aos deslocados e a todos aqueles que sofrem por causa deste dram\u00e1tico evento. Convido-os se unirem a mim na ora\u00e7\u00e3o, pelas v\u00edtimas e por seus entes queridos.\u201d<\/i><\/p>\n<p>A diocese de G\u00eanova se reuniu ontem em ora\u00e7\u00e3o no Santu\u00e1rio de Madonnetta, um santu\u00e1rio muito caro \u00e0 cidade. \u201cRezamos a Nossa Senhora pela cidade. &#8220;Sou muito grato ao Papa, toda a cidade e a diocese agradecem o Santo Padre por esta lembran\u00e7a cheia de afeto e ora\u00e7\u00e3o que ele mostrou por G\u00eanova e em particular por aqueles que foram atingidos por esta aut\u00eantica trag\u00e9dia&#8221;, disse o Arcebispo de G\u00eanova,&nbsp;<b>Cardeal Angelo Bagnasco<\/b>.<\/p>\n<p><i>&#8220;Estou convencido &nbsp;<\/i>&#8211; continuou o purpurado &#8211; ,<i>&nbsp;que G\u00eanova, como outras vezes, com a ajuda de Deus, ser\u00e1 capaz de se levantar unindo as melhores energias da cidade, sentindo tamb\u00e9m o abra\u00e7o do Papa, da Igreja Cat\u00f3lica e de muitos no mundo que se manifestaram em v\u00e1rios modos\u201d.<\/i><\/p>\n<h2>A cidade ferida<\/h2>\n<p><i>&#8220;N\u00f3s, sacerdotes, devemos estar dispon\u00edveis, como todo p\u00e1roco na vida cotidiana das par\u00f3quias. O cardeal Bagnasco visitou nesta quarta-feira os corpos das v\u00edtimas no hospital San Martino, como uma proximidade pr\u00e1tica, concreta, pessoal e de acolhida. &#8220;Como diocese&nbsp;<\/i>\u2013 disse &#8211;<i>, recebemos um primeiro grupo de 30 deslocados de 400 pessoas. Estamos \u00e0 disposi\u00e7\u00e3o para receber outros como primeiro alojamento em consequ\u00eancia dessa trag\u00e9dia &#8220;. &#8220;N\u00f3s padres &nbsp;<\/i>&#8211; continuou o purpurado &#8211;<i>, devemos apoiar a esperan\u00e7a; a esperan\u00e7a, a confian\u00e7a, para que as pessoas n\u00e3o se desmoralizem e, portanto, n\u00f3s, sacerdotes, temos a tarefa de ajudar as pessoas a olharem para o alto, como nesta quarta-feira, no dia da Assun\u00e7\u00e3o, como nos ensina Nossa Senhora. Porque somente olhando para o alto podemos olhar a terra e abra\u00e7\u00e1-la&#8221;.<\/i><\/p>\n<h2>Trag\u00e9dia evit\u00e1vel?<\/h2>\n<p><i>&#8220;A falta de responsabilidade &nbsp;&#8211;<\/i>&nbsp;afirmou o cardeal Bagnasco &#8211;<i>&nbsp;n\u00f3s vemos em todo o mundo, tamb\u00e9m em pa\u00edses tecnologicamente mais avan\u00e7ados, infelizmente&#8221;. &#8220;Mas isso n\u00e3o justifica nada. Ao contr\u00e1rio, &nbsp;<\/i>&#8211; sublinhou &#8211;&nbsp;<i>diante dessas trag\u00e9dias, deve estimular e aumentar o compromisso de compet\u00eancia, profissionalismo, prud\u00eancia e honestidade em fazer as coisas para o bem de todos &#8220;.<\/i><\/p>\n<h2>A f\u00e9<\/h2>\n<p><i>&#8220;O Senhor n\u00e3o nos preserva das desventuras, da morte, do sofrimento. Acreditar em Jesus Cristo n\u00e3o \u00e9 estar protegido de tudo isso, que \u00e9 parte intr\u00ednseca do caminho da vida e da condi\u00e7\u00e3o humana&#8221;. &#8220;A resposta que Deus d\u00e1 a cada um de n\u00f3s, Ele deu em Jesus Cristo que abra\u00e7ou a Cruz na vida como n\u00f3s&#8221;. &#8220;Ent\u00e3o, &nbsp;<\/i>&#8211; finalizou o arcebispo de G\u00eanova &#8211;<i>&nbsp;mais do que a pergunta, por que Deus permite essas trag\u00e9dias, eu diria como Deus responde a essa situa\u00e7\u00e3o de mal e fragilidade humana. Colocando-se dentro, encarnando-se nela, compartilhando-a conosco para carregar as cruzes conosco&#8221;.(Vatican News)<\/i><\/p>\n<p>Foto:Cidade de G\u00eanova&nbsp; (ANSA)<\/p>\n<p><b>Por:Silvonei Jos\u00e9 , Luca Collodi&nbsp;<\/b><\/p>\n","protected":false},"excerpt":{"rendered":"<p>Entrevista com o Arcebispo de G\u00eanova, Cardeal Angelo Bagnasco: para evitar trag\u00e9dias, precisamos de compet\u00eancia, compromisso e honestidade. O&nbsp;Papa Francisco&nbsp;rezou ontem, quarta-feira, a ora\u00e7\u00e3o mariana do Angelus com os milhares de fi\u00e9is reunidos na Pra\u00e7a S\u00e3o Pedro na Solenidade da Assun\u00e7\u00e3o &#8211; celebrada na It\u00e1lia e em v\u00e1rios pa\u00edses -, e cuja festa a Igreja&nbsp;<\/p>\n<p><a class=\"btn btn-style\" href=\"http:\/\/portalcatolico.net\/portal\/tragedia-de-genova-a-cidade-agradece-francisco-pelas-palavras-no-angelus\/\">Continue Reading<\/a><\/p>\n","protected":false},"author":2,"featured_media":57702,"comment_status":"open","ping_status":"open","sticky":false,"template":"","format":"standard","meta":{"footnotes":""},"categories":[5],"tags":[],"class_list":["post-57701","post","type-post","status-publish","format-standard","has-post-thumbnail","hentry","category-igreja_no_mundo"],"_links":{"self":[{"href":"http:\/\/portalcatolico.net\/portal\/wp-json\/wp\/v2\/posts\/57701","targetHints":{"allow":["GET"]}}],"collection":[{"href":"http:\/\/portalcatolico.net\/portal\/wp-json\/wp\/v2\/posts"}],"about":[{"href":"http:\/\/portalcatolico.net\/portal\/wp-json\/wp\/v2\/types\/post"}],"author":[{"embeddable":true,"href":"http:\/\/portalcatolico.net\/portal\/wp-json\/wp\/v2\/users\/2"}],"replies":[{"embeddable":true,"href":"http:\/\/portalcatolico.net\/portal\/wp-json\/wp\/v2\/comments?post=57701"}],"version-history":[{"count":2,"href":"http:\/\/portalcatolico.net\/portal\/wp-json\/wp\/v2\/posts\/57701\/revisions"}],"predecessor-version":[{"id":57704,"href":"http:\/\/portalcatolico.net\/portal\/wp-json\/wp\/v2\/posts\/57701\/revisions\/57704"}],"wp:featuredmedia":[{"embeddable":true,"href":"http:\/\/portalcatolico.net\/portal\/wp-json\/wp\/v2\/media\/57702"}],"wp:attachment":[{"href":"http:\/\/portalcatolico.net\/portal\/wp-json\/wp\/v2\/media?parent=57701"}],"wp:term":[{"taxonomy":"category","embeddable":true,"href":"http:\/\/portalcatolico.net\/portal\/wp-json\/wp\/v2\/categories?post=57701"},{"taxonomy":"post_tag","embeddable":true,"href":"http:\/\/portalcatolico.net\/portal\/wp-json\/wp\/v2\/tags?post=57701"}],"curies":[{"name":"wp","href":"https:\/\/api.w.org\/{rel}","templated":true}]}}