{"id":57696,"date":"2018-08-16T13:29:54","date_gmt":"2018-08-16T16:29:54","guid":{"rendered":"http:\/\/portalcatolico.net\/portal\/?p=57696"},"modified":"2018-08-16T13:32:47","modified_gmt":"2018-08-16T16:32:47","slug":"confira-como-foi-a-3a-noite-da-semana-nacional-da-familia-em-itabuna","status":"publish","type":"post","link":"http:\/\/portalcatolico.net\/portal\/confira-como-foi-a-3a-noite-da-semana-nacional-da-familia-em-itabuna\/","title":{"rendered":"Confira como foi a 3\u00aa noite da Semana Nacional da Fam\u00edlia em Itabuna"},"content":{"rendered":"<p style=\"font-weight: 400;\">Mais uma vez, a Pra\u00e7a&nbsp; Camacan, onde est\u00e1 sendo realizada a Semana da&nbsp;Fam\u00edlia em Itabuna (BA), ficou completamente&nbsp;lotada de fieis cat\u00f3licos.<\/p>\n<p style=\"font-weight: 400;\">Nesta quarta-feira (15),&nbsp;o 3\u00ba&nbsp; Encontro da&nbsp;Semana Nacional da Fam\u00edlia teve como convidado especial&nbsp;o padre Martins Alves, p\u00e1roco da Par\u00f3quia Santa Maria Goretti, que refletiu o subtema &#8220;A voca\u00e7\u00e3o da fam\u00edlia \u00e0 santidade&#8221;. Na oportunidade, ele disse: &#8220;Se voc\u00ea quer buscar o caminho de santifica\u00e7\u00e3o para sua fam\u00edlia, se instruir na f\u00e9 para crescer em fam\u00edlia, tenha o catecismo da igreja Cat\u00f3lica. O catecismo vai dizer o papel dos pais, a educa\u00e7\u00e3o dos filhos, \u00e9 t\u00e3o importante que \u00e9 quase imposs\u00edvel substitu\u00ed-los.&#8221;<\/p>\n<p style=\"font-weight: 400;\">As par\u00f3quias respons\u00e1veis foram :Santa Maria&nbsp;Goretti, Par\u00f3quia S\u00e3o Judas Tadeu, Nossa Senhora da Concei\u00e7\u00e3o&nbsp;dos bairros Ferradas e Concei\u00e7\u00e3o, al\u00e9m das pastorais e movimento como:&nbsp;Renova\u00e7\u00e3o Carism\u00e1tica Cat\u00f3lica (RCC) e Pastoral da Catequese.<\/p>\n<p style=\"font-weight: 400;\">Vale&nbsp;ressaltar que neste domingo (19) a celebra\u00e7\u00e3o da santa eucaristia de&nbsp;encerramento da Semana Nacional da Fam\u00edlia acontecer\u00e1 \u00e0s 16h na pra\u00e7a&nbsp;em frente \u00e0 C\u00e2mara de Vereadores de Itabuna. O bispo da Diocese de&nbsp;Itabuna, Dom Carlos Alberto, avisa que neste dia, devido a essa celebra\u00e7\u00e3o especial,&nbsp;&nbsp;n\u00e3o haver\u00e1 missa em nenhuma par\u00f3quia da cidade, nos&nbsp;hor\u00e1rios das 18 e 19h. Todos os cat\u00f3licos crist\u00e3os da cidade de Itabuna&nbsp;precisam participar do encerramento da Semana Nacional da Fam\u00edlia, pois&nbsp;todos os padres da Faronia Centro, que corresponde \u00e0s 14 par\u00f3quias, v\u00e3o&nbsp;estar&nbsp;concelebrando junto com o bispo. Participe!<\/p>\n<p>Galeria de fotos.<a href=\"https:\/\/www.facebook.com\/portalcatolicooficial\"><span style=\"color: #ff0000;\">CLIQUE AQUI<\/span><\/a><\/p>\n<p>Texto,fotos e videos: Portal Cat\u00f3lico.net<\/p>\n<p><iframe loading=\"lazy\"  id=\"_ytid_76785\"  width=\"480\" height=\"270\"  data-origwidth=\"480\" data-origheight=\"270\" src=\"https:\/\/www.youtube.com\/embed\/L3v_lFBnF7I?enablejsapi=1&#038;autoplay=0&#038;cc_load_policy=0&#038;cc_lang_pref=&#038;iv_load_policy=1&#038;loop=0&#038;rel=1&#038;fs=1&#038;playsinline=0&#038;autohide=2&#038;theme=dark&#038;color=red&#038;controls=1&#038;disablekb=0&#038;\" class=\"__youtube_prefs__  epyt-is-override  no-lazyload\" title=\"YouTube player\"  allow=\"fullscreen; accelerometer; autoplay; clipboard-write; encrypted-media; gyroscope; picture-in-picture; web-share\" referrerpolicy=\"strict-origin-when-cross-origin\" allowfullscreen data-no-lazy=\"1\" data-skipgform_ajax_framebjll=\"\"><\/iframe><\/p>\n","protected":false},"excerpt":{"rendered":"<p>Mais uma vez, a Pra\u00e7a&nbsp; Camacan, onde est\u00e1 sendo realizada a Semana da&nbsp;Fam\u00edlia em Itabuna (BA), ficou completamente&nbsp;lotada de fieis cat\u00f3licos. Nesta quarta-feira (15),&nbsp;o 3\u00ba&nbsp; Encontro da&nbsp;Semana Nacional da Fam\u00edlia teve como convidado especial&nbsp;o padre Martins Alves, p\u00e1roco da Par\u00f3quia Santa Maria Goretti, que refletiu o subtema &#8220;A voca\u00e7\u00e3o da fam\u00edlia \u00e0 santidade&#8221;. Na oportunidade,&nbsp;<\/p>\n<p><a class=\"btn btn-style\" href=\"http:\/\/portalcatolico.net\/portal\/confira-como-foi-a-3a-noite-da-semana-nacional-da-familia-em-itabuna\/\">Continue Reading<\/a><\/p>\n","protected":false},"author":2,"featured_media":57697,"comment_status":"open","ping_status":"open","sticky":false,"template":"","format":"standard","meta":{"footnotes":""},"categories":[68],"tags":[],"class_list":["post-57696","post","type-post","status-publish","format-standard","has-post-thumbnail","hentry","category-homilias"],"_links":{"self":[{"href":"http:\/\/portalcatolico.net\/portal\/wp-json\/wp\/v2\/posts\/57696","targetHints":{"allow":["GET"]}}],"collection":[{"href":"http:\/\/portalcatolico.net\/portal\/wp-json\/wp\/v2\/posts"}],"about":[{"href":"http:\/\/portalcatolico.net\/portal\/wp-json\/wp\/v2\/types\/post"}],"author":[{"embeddable":true,"href":"http:\/\/portalcatolico.net\/portal\/wp-json\/wp\/v2\/users\/2"}],"replies":[{"embeddable":true,"href":"http:\/\/portalcatolico.net\/portal\/wp-json\/wp\/v2\/comments?post=57696"}],"version-history":[{"count":3,"href":"http:\/\/portalcatolico.net\/portal\/wp-json\/wp\/v2\/posts\/57696\/revisions"}],"predecessor-version":[{"id":57700,"href":"http:\/\/portalcatolico.net\/portal\/wp-json\/wp\/v2\/posts\/57696\/revisions\/57700"}],"wp:featuredmedia":[{"embeddable":true,"href":"http:\/\/portalcatolico.net\/portal\/wp-json\/wp\/v2\/media\/57697"}],"wp:attachment":[{"href":"http:\/\/portalcatolico.net\/portal\/wp-json\/wp\/v2\/media?parent=57696"}],"wp:term":[{"taxonomy":"category","embeddable":true,"href":"http:\/\/portalcatolico.net\/portal\/wp-json\/wp\/v2\/categories?post=57696"},{"taxonomy":"post_tag","embeddable":true,"href":"http:\/\/portalcatolico.net\/portal\/wp-json\/wp\/v2\/tags?post=57696"}],"curies":[{"name":"wp","href":"https:\/\/api.w.org\/{rel}","templated":true}]}}