{"id":57686,"date":"2018-08-14T22:55:38","date_gmt":"2018-08-15T01:55:38","guid":{"rendered":"http:\/\/portalcatolico.net\/portal\/?p=57686"},"modified":"2018-08-14T22:55:58","modified_gmt":"2018-08-15T01:55:58","slug":"ii-congresso-missionario-da-cnbb-ne3-ocorrera-em-eunapolis","status":"publish","type":"post","link":"http:\/\/portalcatolico.net\/portal\/ii-congresso-missionario-da-cnbb-ne3-ocorrera-em-eunapolis\/","title":{"rendered":"II Congresso Mission\u00e1rio da CNBB NE3 Ocorrer\u00e1 em Eun\u00e1polis"},"content":{"rendered":"<p>Para melhor formar o povo de Deus, o COMIDI ofertar\u00e1 nos dias 17, 18 e 19 de agosto de 2018 o II Congresso mission\u00e1rio, cujo tema ser\u00e1: \u201c<em>A alegria do evangelho no cora\u00e7\u00e3o de uma igreja em sa\u00edda, prof\u00e9tica e sinodal<\/em>.\u201d e o lema \u201c<em>A vossa alegria ningu\u00e9m poder\u00e1 tirar.<\/em>\u201d(Jo 16,22)<\/p>\n<p>O encontro acontecer\u00e1 no Hotel Oceania \u2013 BR-367 \u2013 Dinah Borges, Eun\u00e1polis \u2013 Ba. O valor da inscri\u00e7\u00e3o ser\u00e1 R$100,00. Para maiores informa\u00e7\u00f5es telefone de contato (73) 99167-7774 Pe. Jos\u00e9 Carlos.<\/p>\n<p>O Conselho Mission\u00e1rio Diocesano (COMIDI) \u00e9 formado por padres, leigos e consagrados com a responsabilidade de auxiliar os membros da comunidade a viver o seu batismo, revigorando com intensidade a vida mission\u00e1ria de todos os que se encontram engajados em organismos, pastorais e movimentos fazendo com que assim vivam seu batismo em sua plenitude.<\/p>\n<p>Informa\u00e7\u00f5es: PASCOM\/Diocese de Teixeira de Freitas\/Caravelas (BA)&nbsp;<\/p>\n","protected":false},"excerpt":{"rendered":"<p>Para melhor formar o povo de Deus, o COMIDI ofertar\u00e1 nos dias 17, 18 e 19 de agosto de 2018 o II Congresso mission\u00e1rio, cujo tema ser\u00e1: \u201cA alegria do evangelho no cora\u00e7\u00e3o de uma igreja em sa\u00edda, prof\u00e9tica e sinodal.\u201d e o lema \u201cA vossa alegria ningu\u00e9m poder\u00e1 tirar.\u201d(Jo 16,22) O encontro acontecer\u00e1 no&nbsp;<\/p>\n<p><a class=\"btn btn-style\" href=\"http:\/\/portalcatolico.net\/portal\/ii-congresso-missionario-da-cnbb-ne3-ocorrera-em-eunapolis\/\">Continue Reading<\/a><\/p>\n","protected":false},"author":2,"featured_media":57687,"comment_status":"open","ping_status":"open","sticky":false,"template":"","format":"standard","meta":{"footnotes":""},"categories":[1],"tags":[],"class_list":["post-57686","post","type-post","status-publish","format-standard","has-post-thumbnail","hentry","category-agenda"],"_links":{"self":[{"href":"http:\/\/portalcatolico.net\/portal\/wp-json\/wp\/v2\/posts\/57686","targetHints":{"allow":["GET"]}}],"collection":[{"href":"http:\/\/portalcatolico.net\/portal\/wp-json\/wp\/v2\/posts"}],"about":[{"href":"http:\/\/portalcatolico.net\/portal\/wp-json\/wp\/v2\/types\/post"}],"author":[{"embeddable":true,"href":"http:\/\/portalcatolico.net\/portal\/wp-json\/wp\/v2\/users\/2"}],"replies":[{"embeddable":true,"href":"http:\/\/portalcatolico.net\/portal\/wp-json\/wp\/v2\/comments?post=57686"}],"version-history":[{"count":1,"href":"http:\/\/portalcatolico.net\/portal\/wp-json\/wp\/v2\/posts\/57686\/revisions"}],"predecessor-version":[{"id":57688,"href":"http:\/\/portalcatolico.net\/portal\/wp-json\/wp\/v2\/posts\/57686\/revisions\/57688"}],"wp:featuredmedia":[{"embeddable":true,"href":"http:\/\/portalcatolico.net\/portal\/wp-json\/wp\/v2\/media\/57687"}],"wp:attachment":[{"href":"http:\/\/portalcatolico.net\/portal\/wp-json\/wp\/v2\/media?parent=57686"}],"wp:term":[{"taxonomy":"category","embeddable":true,"href":"http:\/\/portalcatolico.net\/portal\/wp-json\/wp\/v2\/categories?post=57686"},{"taxonomy":"post_tag","embeddable":true,"href":"http:\/\/portalcatolico.net\/portal\/wp-json\/wp\/v2\/tags?post=57686"}],"curies":[{"name":"wp","href":"https:\/\/api.w.org\/{rel}","templated":true}]}}