{"id":57677,"date":"2018-08-14T12:45:06","date_gmt":"2018-08-14T15:45:06","guid":{"rendered":"http:\/\/portalcatolico.net\/portal\/?p=57677"},"modified":"2018-08-14T12:46:52","modified_gmt":"2018-08-14T15:46:52","slug":"a-arquidiocese-de-vitoria-da-conquista-esta-em-festa","status":"publish","type":"post","link":"http:\/\/portalcatolico.net\/portal\/a-arquidiocese-de-vitoria-da-conquista-esta-em-festa\/","title":{"rendered":"A Arquidiocese de Vit\u00f3ria da Conquista est\u00e1 em festa!"},"content":{"rendered":"<p style=\"font-weight: 400;\">A programa\u00e7\u00e3o festiva da Arquidiocese de Vit\u00f3ria da Conquista (BA) teve&nbsp;in\u00edcio no dia 06 de agosto&nbsp; e segue at\u00e9 o dia 14 de agosto, com&nbsp;missas todas as noites. As celebra\u00e7\u00f5es s\u00e3o em homenagem a Nossa Senhora das Vit\u00f3rias, que \u00e9 celebrada no dia 15 de agosto.<\/p>\n<p style=\"font-weight: 400;\">Este ano, o tema da Padroeira da Cidade vem com o tema&nbsp; central:&nbsp;&#8220;Inspirada em Maria, a fam\u00edlia assume sua miss\u00e3o de Sal na Terra e Luz&nbsp;do Mundo&#8221;.<br \/>\nA abertura da festa acontece no dia 06 \u00e0s 19h30, na Catedral Diocesana&nbsp;de Nossa Senhora das Vit\u00f3rias, com a presid\u00eancia do&nbsp; Arcebispo Metropolitano&nbsp;de Vit\u00f3ria da Conquista, Dom Frei Lu\u00eds Gonzaga da Silva.<\/p>\n<p style=\"font-weight: 400;\">No dia 15, a programa\u00e7\u00e3o festiva come\u00e7a logo cedo, \u00e0s 5h, com&nbsp;a&nbsp;Alvorada. \u00c0s 6h, tem ben\u00e7\u00e3o dos ve\u00edculos. J\u00e1 \u00e0s 9h, tem Celebra\u00e7\u00e3o Eucar\u00edstica&nbsp; presidida&nbsp;pelo Pe. Frei&nbsp; Liomar Pereira da&nbsp; Silva, OFM,cap.&nbsp; \u00c0 tarde, por volta das das 16h, tem missa festiva&nbsp;no Gin\u00e1sio de Esporte Raul Ferraz, com a presid\u00eancia Dom Raimundo&nbsp;Damasceno Assis (Cardeal e Arcebispo Em\u00e9rito de Aparecida -SP).<\/p>\n<p style=\"font-weight: 400;\">A Prociss\u00e3o e o encerramento acontecer\u00e3o na Catedral Diocesana de Nossa Senhora das&nbsp;Vit\u00f3rias, padroeira da cidade e da Arquidiocese metropolitana de Vit\u00f3ria&nbsp;da Conquista.<\/p>\n<p><span style=\"font-weight: 400;\">Participe!<\/span><\/p>\n<p>Foto:Reprodu\u00e7\u00e3o\/Facebook<\/p>\n<p>Texto:Portal Cat\u00f3lico.Net<\/p>\n<p style=\"text-align: center;\"><strong>Confira a Programa\u00e7\u00e3o:<\/strong><\/p>\n<p><img loading=\"lazy\" decoding=\"async\" class=\"wp-image-57678 aligncenter\" src=\"http:\/\/portalcatolico.net\/portal\/wp-content\/uploads\/2018\/08\/WhatsApp-Image-2018-08-04-at-14.22.10-1-300x214.jpeg\" alt=\"\" width=\"736\" height=\"525\" srcset=\"http:\/\/portalcatolico.net\/portal\/wp-content\/uploads\/2018\/08\/WhatsApp-Image-2018-08-04-at-14.22.10-1-300x214.jpeg 300w, http:\/\/portalcatolico.net\/portal\/wp-content\/uploads\/2018\/08\/WhatsApp-Image-2018-08-04-at-14.22.10-1-768x547.jpeg 768w, http:\/\/portalcatolico.net\/portal\/wp-content\/uploads\/2018\/08\/WhatsApp-Image-2018-08-04-at-14.22.10-1-1024x730.jpeg 1024w, http:\/\/portalcatolico.net\/portal\/wp-content\/uploads\/2018\/08\/WhatsApp-Image-2018-08-04-at-14.22.10-1.jpeg 1280w\" sizes=\"auto, (max-width: 736px) 100vw, 736px\" \/> <img loading=\"lazy\" decoding=\"async\" class=\"wp-image-57679 aligncenter\" src=\"http:\/\/portalcatolico.net\/portal\/wp-content\/uploads\/2018\/08\/WhatsApp-Image-2018-08-04-at-14.22.10-300x210.jpeg\" alt=\"\" width=\"736\" height=\"515\" srcset=\"http:\/\/portalcatolico.net\/portal\/wp-content\/uploads\/2018\/08\/WhatsApp-Image-2018-08-04-at-14.22.10-300x210.jpeg 300w, http:\/\/portalcatolico.net\/portal\/wp-content\/uploads\/2018\/08\/WhatsApp-Image-2018-08-04-at-14.22.10-1024x718.jpeg 1024w, http:\/\/portalcatolico.net\/portal\/wp-content\/uploads\/2018\/08\/WhatsApp-Image-2018-08-04-at-14.22.10.jpeg 1280w\" sizes=\"auto, (max-width: 736px) 100vw, 736px\" \/><\/p>\n","protected":false},"excerpt":{"rendered":"<p>A programa\u00e7\u00e3o festiva da Arquidiocese de Vit\u00f3ria da Conquista (BA) teve&nbsp;in\u00edcio no dia 06 de agosto&nbsp; e segue at\u00e9 o dia 14 de agosto, com&nbsp;missas todas as noites. As celebra\u00e7\u00f5es s\u00e3o em homenagem a Nossa Senhora das Vit\u00f3rias, que \u00e9 celebrada no dia 15 de agosto. Este ano, o tema da Padroeira da Cidade vem&nbsp;<\/p>\n<p><a class=\"btn btn-style\" href=\"http:\/\/portalcatolico.net\/portal\/a-arquidiocese-de-vitoria-da-conquista-esta-em-festa\/\">Continue Reading<\/a><\/p>\n","protected":false},"author":2,"featured_media":57680,"comment_status":"open","ping_status":"open","sticky":false,"template":"","format":"standard","meta":{"footnotes":""},"categories":[1],"tags":[],"class_list":["post-57677","post","type-post","status-publish","format-standard","has-post-thumbnail","hentry","category-agenda"],"_links":{"self":[{"href":"http:\/\/portalcatolico.net\/portal\/wp-json\/wp\/v2\/posts\/57677","targetHints":{"allow":["GET"]}}],"collection":[{"href":"http:\/\/portalcatolico.net\/portal\/wp-json\/wp\/v2\/posts"}],"about":[{"href":"http:\/\/portalcatolico.net\/portal\/wp-json\/wp\/v2\/types\/post"}],"author":[{"embeddable":true,"href":"http:\/\/portalcatolico.net\/portal\/wp-json\/wp\/v2\/users\/2"}],"replies":[{"embeddable":true,"href":"http:\/\/portalcatolico.net\/portal\/wp-json\/wp\/v2\/comments?post=57677"}],"version-history":[{"count":3,"href":"http:\/\/portalcatolico.net\/portal\/wp-json\/wp\/v2\/posts\/57677\/revisions"}],"predecessor-version":[{"id":57683,"href":"http:\/\/portalcatolico.net\/portal\/wp-json\/wp\/v2\/posts\/57677\/revisions\/57683"}],"wp:featuredmedia":[{"embeddable":true,"href":"http:\/\/portalcatolico.net\/portal\/wp-json\/wp\/v2\/media\/57680"}],"wp:attachment":[{"href":"http:\/\/portalcatolico.net\/portal\/wp-json\/wp\/v2\/media?parent=57677"}],"wp:term":[{"taxonomy":"category","embeddable":true,"href":"http:\/\/portalcatolico.net\/portal\/wp-json\/wp\/v2\/categories?post=57677"},{"taxonomy":"post_tag","embeddable":true,"href":"http:\/\/portalcatolico.net\/portal\/wp-json\/wp\/v2\/tags?post=57677"}],"curies":[{"name":"wp","href":"https:\/\/api.w.org\/{rel}","templated":true}]}}