{"id":57673,"date":"2018-08-14T12:38:35","date_gmt":"2018-08-14T15:38:35","guid":{"rendered":"http:\/\/portalcatolico.net\/portal\/?p=57673"},"modified":"2018-08-14T12:49:29","modified_gmt":"2018-08-14T15:49:29","slug":"diocese-de-itabuna-celebra-a-semana-nacional-da-familia","status":"publish","type":"post","link":"http:\/\/portalcatolico.net\/portal\/diocese-de-itabuna-celebra-a-semana-nacional-da-familia\/","title":{"rendered":"Diocese de Itabuna celebra a Semana Nacional da Fam\u00edlia"},"content":{"rendered":"<p style=\"font-weight: 400;\">Nesta segunda- feira, 13 de&nbsp; agosto,&nbsp;aconteceu&nbsp;oficialmente a abertura da&nbsp; Semana Nacional da&nbsp;Fam\u00edlia, em pra\u00e7a p\u00fablica, pelo terceiro ano consecutivo que este ano ser\u00e1&nbsp;<br \/>\na n\u00edvel Diocese. O evento para as fam\u00edlias ser\u00e1 realizado at\u00e9 o dia 19 de&nbsp;agosto&nbsp;e ser\u00e1 celebrado devido as homenagens que est\u00e3o acontecendo&nbsp;&nbsp;em todo o Brasil. A Semana Nacional da Fam\u00edlia \u00e9 um evento promovido pela Comiss\u00e3o Nacional da Pastoral Familiar (CNPF) e&nbsp;Comiss\u00e3o Episcopal Pastoral para a Vida e a Fam\u00edlia, da CNBB.<br \/>\nEm Itabuna, o evento est\u00e1 sendo realizado&nbsp;na Pra\u00e7a Camacan e na Pra\u00e7a Beira-Rio (que fica pr\u00f3xima \u00e0&nbsp;&nbsp;C\u00e2mara de&nbsp;Vereadores da cidade).<br \/>\nO objetivo do projeto \u00e9 convocar&nbsp;&nbsp;todos os filhos da Igreja, toda a&nbsp;sociedade (homens, mulheres, pais, filhos) a vivenciarem momentos de&nbsp;reflex\u00f5es e espiritualidade acerca do papel da fam\u00edlia nos tempos&nbsp;atuais, a partir do tema central: &#8220;O&nbsp; evangelho da fam\u00edlia, alegria para&nbsp;o mundo&#8221;.<\/p>\n<p style=\"font-weight: 400;\">A Semana est\u00e1 sendo organizada pela Pastoral&nbsp;Familiar Diocesana.<\/p>\n<p style=\"font-weight: 400;\">O primeiro encontro em Itabuna, aconteceu nesta segunda-feira (13) para&nbsp;refletir o subtema &#8220;Fam\u00edlias e desafios atuais&#8221;. O pregador foi o&nbsp;Padre Elessandro Feitosa (Diretor Espiritual da Pastoral Familiar da&nbsp;Diocese de Itabuna e p\u00e1roco da par\u00f3quia Senhora Sant\u00b4Ana na cidade de&nbsp;Buerarema). Na oportunidade, ele ressaltou: &#8220;Por mais feliz que seja a fam\u00edlia, se Jesus n\u00e3o estiver presente, a fam\u00edlia acaba. Uma fam\u00edlia sem amor, \u00e9 uma fam\u00edlia, triste, sem esperan\u00e7a. Mas, se essa fam\u00edlia, tem na sua ra\u00edz, a palavra de Deus, a\u00ed sim, o amor nunca faltar\u00e1&#8221;.<br \/>\nO Bispo da Diocese de Itabuna, Dom Carlos Alberto dos Santos, tamb\u00e9m estava presente a aproveitou a oportunidade para avisar que no pr\u00f3ximo domingo (19), n\u00e3o haver\u00e1 missa em nenhuma par\u00f3quia de Itabuna, pois todos devem se encontrar na grande missa que vai acontecer no domingo, \u00e0s 15h, na pra\u00e7a em frente \u00e0 C\u00e2mara. V\u00e1rios religiosos e fieis cat\u00f3licos estiveram presentes no evento, entre eles, o Vereador e pr\u00e9-candidato a Deputado Estadual, Endeson Guinho, que se faz presente em diversos e importantes eventos cat\u00f3licos que acontecem na cidade.<\/p>\n<p style=\"font-weight: 400;\">Esteja presente tamb\u00e9m. Acompanhe a programa\u00e7\u00e3o completa da Semana da Fam\u00edlia:<\/p>\n<p style=\"font-weight: 400;\"><strong>Dia 14\/08-Ter\u00e7a-feira<\/strong> -2\u00ba&nbsp; Encontro:&nbsp; Pra\u00e7a Camacan, das 19 \u00e0s 21h.<br \/>\nTema: &#8220;FAM\u00cdLIA E DESAFIOS ATUAIS&#8221;<br \/>\nPar\u00f3quias respons\u00e1veis: Senhor do Bomfim, Santo Ant\u00f4nio, Legi\u00e3o de&nbsp;<br \/>\nMaria, Apostolado da Ora\u00e7\u00e3o, M\u00e3e Rainha e Equipe de Nossa Senhora.<\/p>\n<p><strong>Dia 15\/08-Quarta-feira<\/strong> &#8211;&nbsp;&nbsp;3\u00ba Encontro:&nbsp; Pra\u00e7a Camacan, das 19 \u00e0s 21h.<br \/>\nTema: &#8220;A VOCA\u00c7\u00c3O DA FAM\u00cdLIA \u00c0 SOCIEDADE&#8221;<\/p>\n<p style=\"font-weight: 400;\">Par\u00f3quias respons\u00e1veis: Santa Maria Goretti, S\u00e3o Judas Tadeus,&nbsp;<br \/>\nMovimento RCC e Catequese.<\/p>\n<p><strong>Dia 16\/08-Quinta-feira<\/strong>&#8211; 4\u00b0 Encontro: Pra\u00e7a Camacan, das 19 \u00e0s 21h<br \/>\nTema: &#8221; A VIV\u00caNCIA DO AMOR NO MATRIM\u00d4NIO E NA FAM\u00cdLIA&#8221;<\/p>\n<p style=\"font-weight: 400;\">Par\u00f3quias respons\u00e1veis: Nossa Senhora de F\u00e1tima, Nossa Senhora&nbsp;<br \/>\nAparecida, Movimento dos Vicentinos&nbsp; e Pastoral da Crian\u00e7a.<\/p>\n<p><strong>Dia 17\/08- Sexta-feira-<\/strong>5\u00ba Encontro- Pra\u00e7a Camacan das 19 \u00e0s&nbsp; 21h.<br \/>\nTema: &#8220;ANUNCIAR HOJE O EVAGELHO NA FAM\u00cdLIA&#8221;<br \/>\nPar\u00f3quias respons\u00e1veis: Santa In\u00eas, Nossa Senhora da Piedade,&nbsp;<br \/>\nCatedral S\u00e3o Jos\u00e9 ,Movimento dos Cursilhos, MECE e o Grupo MEFA.<\/p>\n<p><strong>Dia 18\/08-S\u00e1bado<\/strong>&#8211; 6\u00ba Encontro- Pra\u00e7a da C\u00e2mara de Vereadores,&nbsp; \u00e0s 20h<br \/>\nSHOW COM FREI GILSON&nbsp; E BANDA (ser\u00e1 aberto ao p\u00fablico)<br \/>\nRespons\u00e1veis: Comiss\u00e3o Diocesana da Pastoral Familiar<\/p>\n<p><strong>Dia 19\/08-Domingo<\/strong>-7\u00aa Encontro- Pra\u00e7a da C\u00e2mara de Vereadores:&nbsp;&nbsp;&#8220;Santa&nbsp;<br \/>\nMissa&#8221; das 15 \u00e0s 18h.<\/p>\n<p style=\"font-weight: 400;\">Tema:&#8221; ESPIRITUALIDADE E ORA\u00c7\u00c3O NA FAM\u00cdLIA E NA&nbsp;SOCIEDADE&#8221;<br \/>\nRespons\u00e1veis: Par\u00f3quia Nossa Senhora da Concei\u00e7\u00e3o, Par\u00f3quia Nossa&nbsp;Senhora das Vit\u00f3rias, Grupos de Jovens, Escaladas, EJC, Comunidade&nbsp;Rainha da Paz.<\/p>\n<p>Texto:Portal Cat\u00f3lico.Net<\/p>\n","protected":false},"excerpt":{"rendered":"<p>Nesta segunda- feira, 13 de&nbsp; agosto,&nbsp;aconteceu&nbsp;oficialmente a abertura da&nbsp; Semana Nacional da&nbsp;Fam\u00edlia, em pra\u00e7a p\u00fablica, pelo terceiro ano consecutivo que este ano ser\u00e1&nbsp; a n\u00edvel Diocese. O evento para as fam\u00edlias ser\u00e1 realizado at\u00e9 o dia 19 de&nbsp;agosto&nbsp;e ser\u00e1 celebrado devido as homenagens que est\u00e3o acontecendo&nbsp;&nbsp;em todo o Brasil. A Semana Nacional da Fam\u00edlia \u00e9&nbsp;<\/p>\n<p><a class=\"btn btn-style\" href=\"http:\/\/portalcatolico.net\/portal\/diocese-de-itabuna-celebra-a-semana-nacional-da-familia\/\">Continue Reading<\/a><\/p>\n","protected":false},"author":2,"featured_media":57684,"comment_status":"open","ping_status":"open","sticky":false,"template":"","format":"standard","meta":{"footnotes":""},"categories":[68],"tags":[],"class_list":["post-57673","post","type-post","status-publish","format-standard","has-post-thumbnail","hentry","category-homilias"],"_links":{"self":[{"href":"http:\/\/portalcatolico.net\/portal\/wp-json\/wp\/v2\/posts\/57673","targetHints":{"allow":["GET"]}}],"collection":[{"href":"http:\/\/portalcatolico.net\/portal\/wp-json\/wp\/v2\/posts"}],"about":[{"href":"http:\/\/portalcatolico.net\/portal\/wp-json\/wp\/v2\/types\/post"}],"author":[{"embeddable":true,"href":"http:\/\/portalcatolico.net\/portal\/wp-json\/wp\/v2\/users\/2"}],"replies":[{"embeddable":true,"href":"http:\/\/portalcatolico.net\/portal\/wp-json\/wp\/v2\/comments?post=57673"}],"version-history":[{"count":2,"href":"http:\/\/portalcatolico.net\/portal\/wp-json\/wp\/v2\/posts\/57673\/revisions"}],"predecessor-version":[{"id":57676,"href":"http:\/\/portalcatolico.net\/portal\/wp-json\/wp\/v2\/posts\/57673\/revisions\/57676"}],"wp:featuredmedia":[{"embeddable":true,"href":"http:\/\/portalcatolico.net\/portal\/wp-json\/wp\/v2\/media\/57684"}],"wp:attachment":[{"href":"http:\/\/portalcatolico.net\/portal\/wp-json\/wp\/v2\/media?parent=57673"}],"wp:term":[{"taxonomy":"category","embeddable":true,"href":"http:\/\/portalcatolico.net\/portal\/wp-json\/wp\/v2\/categories?post=57673"},{"taxonomy":"post_tag","embeddable":true,"href":"http:\/\/portalcatolico.net\/portal\/wp-json\/wp\/v2\/tags?post=57673"}],"curies":[{"name":"wp","href":"https:\/\/api.w.org\/{rel}","templated":true}]}}