{"id":57663,"date":"2018-08-14T20:01:14","date_gmt":"2018-08-14T23:01:14","guid":{"rendered":"http:\/\/portalcatolico.net\/portal\/?p=57663"},"modified":"2018-08-14T06:03:20","modified_gmt":"2018-08-14T09:03:20","slug":"nossa-senhora-das-vitorias-e-celebrada-em-itabuna-2","status":"publish","type":"post","link":"http:\/\/portalcatolico.net\/portal\/nossa-senhora-das-vitorias-e-celebrada-em-itabuna-2\/","title":{"rendered":"Nossa Senhora das Vit\u00f3rias  \u00e9 celebrada em Itabuna"},"content":{"rendered":"<p style=\"font-weight: 400;\">Na pr\u00f3xima semana come\u00e7am as comemora\u00e7\u00f5es em homenagem \u00e0 padroeira do bairro Jardim Vit\u00f3ria em Itabuna (BA).<\/p>\n<p style=\"font-weight: 400;\">As celebra\u00e7\u00f5es ter\u00e3o in\u00edcio com o Noven\u00e1rio, que come\u00e7a no dia 18 de agosto, com uma grande carreata pelas ruas da cidade, e terminam no dia 26 de agosto com a tradicional prociss\u00e3o.<\/p>\n<p style=\"font-weight: 400;\">O tema central da festa \u00e9: &#8220;A miss\u00e3o do leigo: Sal da Terra e Luz do Mundo&#8221;.<\/p>\n<p>Celebrar Nossa Senhora das Vit\u00f3rias \u00e9 venerar a m\u00e3e de Jesus e nossa m\u00e3e, em adora\u00e7\u00e3o ao&nbsp;nosso Deus.<\/p>\n<p style=\"font-weight: 400;\">A festa de padroeiro (a) \u00e9 tempo forte de evangeliza\u00e7\u00e3o em que&nbsp;h\u00e1 um&nbsp;fortalecimento dos la\u00e7os fraternos de comunh\u00e3o de comunidade e&nbsp;participa\u00e7\u00e3o de irm\u00e3os de v\u00e1rias pastorais e movimentos em um s\u00f3 objetivo: seguir&nbsp;e amar Jesus Cristo.<\/p>\n<p style=\"font-weight: 400;\">S\u00e3o dias de celebra\u00e7\u00e3o&nbsp;eucar\u00edstica&nbsp; todas as noites, reflex\u00f5es, ora\u00e7\u00f5es, louvor, prociss\u00e3o,&nbsp;quermesse&nbsp; entre, outros momentos de evangeliza\u00e7\u00e3o.<\/p>\n<p style=\"font-weight: 400;\">Durante os dias de homenagens, s\u00e3o realizadas missas dedicadas aos&nbsp;homens do ter\u00e7o, crian\u00e7as, comunidades, mulheres, jovens, entre outros.<\/p>\n<p style=\"font-weight: 400;\">Os festejos ocorrem&nbsp;sempre na Igreja matriz de Nossa Senhora das Vit\u00f3rias, localizada na Rua&nbsp;Par\u00e1, 02, Jardim Vit\u00f3ria, em Itabuna, sob a coordena\u00e7\u00e3o do padre Gilmar&nbsp;<br \/>\nOliveira.<\/p>\n<p style=\"font-weight: 400; text-align: center;\">Confira a programa\u00e7\u00e3o&nbsp;completa:<\/p>\n<p style=\"font-weight: 400;\"><strong>Dia 18\/08- S\u00e1bado<\/strong><br \/>\n18h-carreata e ben\u00e7\u00e3os dos ve\u00edculos<\/p>\n<p><strong>Dia 19\/08-Domingo<\/strong><br \/>\n19h: Missa de abertura da Festa<br \/>\nSubtema: &#8220;O crist\u00e3o leigo chamado pelo Batismo ao seguimento de Jesus&#8221;.<br \/>\nPregador: Pe. Frei Lucimar Jos\u00e9 da Silva, MsS (Vig\u00e1rio&nbsp; paroquial da&nbsp;<br \/>\nPar\u00f3quia Nossa Senhora da Piedade em Itabuna)<br \/>\nNoite: Funcion\u00e1rios da Sa\u00fade<br \/>\nOferta: Feij\u00e3o<\/p>\n<p><strong>Dia 20\/08-Segunda-feira<\/strong><br \/>\n19h: Santa Missa<br \/>\nSubtema: &#8220;O crist\u00e3o leigo como sujeito eclesial&#8221;<br \/>\nPregador: Pe. Nuncio<br \/>\nNoite: Funcion\u00e1rios do Direito e da Justi\u00e7a e ter\u00e7o dos Homens<br \/>\nOferta: Arroz e Macarr\u00e3o<\/p>\n<p><strong>Dia 21\/08-Ter\u00e7a-Feira<\/strong><br \/>\n19h: Santa Missa<br \/>\nSubtema: &#8220;O crist\u00e3o leigo, chamado a uma renova\u00e7\u00e3o evang\u00e9lica da Igreja&#8221;<br \/>\nPregador: Bispo Diocesano, Dom Carlos Alberto dos Santos.<br \/>\nNoite: Funcion\u00e1rios da Comunica\u00e7\u00e3o, professores e estudantes.<br \/>\nOferta: Leite em P\u00f3 e Floc\u00e3o de milho<\/p>\n<p><strong>Dia 22\/08-Quarta-feira<\/strong><br \/>\n19h:Santa Missa<br \/>\nSubtema: &#8220;A necess\u00e1ria mudan\u00e7as de mentalidade e de&nbsp; estrutura da&nbsp;<br \/>\ncomunidade eclesial&#8221;<br \/>\nPregador: Pe. Valdeni Neris Santos (P\u00e1roco na Par\u00f3quia&nbsp; S\u00e3o Sebasti\u00e3o na&nbsp;<br \/>\ncidade de Camacan)<br \/>\nNoite: Comerciantes, comerci\u00e1rios, banc\u00e1rios, comunidade do Zizo e&nbsp;<br \/>\nmovimento de cursilho-MCC.<br \/>\nOferta: Biscoito e Manteiga<\/p>\n<p><strong>Dia 23\/08-Quinta-feira<\/strong><br \/>\n19h: Santa Missa<br \/>\nSubtema:&#8221; Responsabilidade e criatividade dos leigos&#8221;<br \/>\nPregador: Pe. Manoel Carlos de Jesus Cruz (P\u00e1roco na par\u00f3quia Senhor do&nbsp;<br \/>\nBomfim em Itabuna)<br \/>\nNoite: Engenheiros e arquitetos<br \/>\nOferta: A\u00e7\u00facar e Caf\u00e9<\/p>\n<p><strong>Dia 24\/08-Sexta-feira<\/strong><br \/>\n19h: Santa Missa<br \/>\nSubtema: &#8221; A\u00e7\u00e3o do crist\u00e3o leigos nos are\u00f3pagos&nbsp; modernos&#8221;<br \/>\nPregador: Pe.&nbsp; Luiz Martins de Freitas (p\u00e1roco na Par\u00f3quia Santa Maria&nbsp;<br \/>\nGoretti em Itabuna)<br \/>\nNoite: Comunidade S\u00e3o Francisco&nbsp; Assis e contadores<br \/>\nOferta: \u00d3leo<\/p>\n<p><strong>Dia 25\/08-S\u00e1bado<\/strong><br \/>\n18h:Santo Of\u00edcio<br \/>\n19h:Novena<br \/>\nSubtema: &#8220;Recuperar&nbsp; a identidade de&nbsp; disc\u00edpulos e seguran\u00e7a de Jesus&#8221;<br \/>\nPregadora: Terezinha (Comunidade Santa Cecilia)<br \/>\nNoite: Fam\u00edlias do bairro Jardim Vit\u00f3ria, participa\u00e7\u00e3o da Escola de&nbsp;<br \/>\nm\u00fasica &#8220;Clave de Sol&nbsp; de Itabuna.<br \/>\nOferta: Sardinha e Margarina<\/p>\n<p><strong>Dia 26\/08-Domingo<\/strong><br \/>\n06h: Alvorada<br \/>\n18h:Prociss\u00e3o com a Imagem da santa pelas ruas do bairro e em&nbsp;<br \/>\nseguida, missa solene com o Pe. Gilmar Oliveira e padres convidados.<\/p>\n<p>Foto:Acervo\/Portal Cat\u00f3lico<\/p>\n<p>Texto:Portal Cat\u00f3lico.Net<\/p>\n","protected":false},"excerpt":{"rendered":"<p>Na pr\u00f3xima semana come\u00e7am as comemora\u00e7\u00f5es em homenagem \u00e0 padroeira do bairro Jardim Vit\u00f3ria em Itabuna (BA). As celebra\u00e7\u00f5es ter\u00e3o in\u00edcio com o Noven\u00e1rio, que come\u00e7a no dia 18 de agosto, com uma grande carreata pelas ruas da cidade, e terminam no dia 26 de agosto com a tradicional prociss\u00e3o. O tema central da festa&nbsp;<\/p>\n<p><a class=\"btn btn-style\" href=\"http:\/\/portalcatolico.net\/portal\/nossa-senhora-das-vitorias-e-celebrada-em-itabuna-2\/\">Continue Reading<\/a><\/p>\n","protected":false},"author":2,"featured_media":57631,"comment_status":"open","ping_status":"open","sticky":false,"template":"","format":"standard","meta":{"footnotes":""},"categories":[1],"tags":[],"class_list":["post-57663","post","type-post","status-publish","format-standard","has-post-thumbnail","hentry","category-agenda"],"_links":{"self":[{"href":"http:\/\/portalcatolico.net\/portal\/wp-json\/wp\/v2\/posts\/57663","targetHints":{"allow":["GET"]}}],"collection":[{"href":"http:\/\/portalcatolico.net\/portal\/wp-json\/wp\/v2\/posts"}],"about":[{"href":"http:\/\/portalcatolico.net\/portal\/wp-json\/wp\/v2\/types\/post"}],"author":[{"embeddable":true,"href":"http:\/\/portalcatolico.net\/portal\/wp-json\/wp\/v2\/users\/2"}],"replies":[{"embeddable":true,"href":"http:\/\/portalcatolico.net\/portal\/wp-json\/wp\/v2\/comments?post=57663"}],"version-history":[{"count":3,"href":"http:\/\/portalcatolico.net\/portal\/wp-json\/wp\/v2\/posts\/57663\/revisions"}],"predecessor-version":[{"id":57666,"href":"http:\/\/portalcatolico.net\/portal\/wp-json\/wp\/v2\/posts\/57663\/revisions\/57666"}],"wp:featuredmedia":[{"embeddable":true,"href":"http:\/\/portalcatolico.net\/portal\/wp-json\/wp\/v2\/media\/57631"}],"wp:attachment":[{"href":"http:\/\/portalcatolico.net\/portal\/wp-json\/wp\/v2\/media?parent=57663"}],"wp:term":[{"taxonomy":"category","embeddable":true,"href":"http:\/\/portalcatolico.net\/portal\/wp-json\/wp\/v2\/categories?post=57663"},{"taxonomy":"post_tag","embeddable":true,"href":"http:\/\/portalcatolico.net\/portal\/wp-json\/wp\/v2\/tags?post=57663"}],"curies":[{"name":"wp","href":"https:\/\/api.w.org\/{rel}","templated":true}]}}