{"id":57658,"date":"2018-08-13T22:52:49","date_gmt":"2018-08-14T01:52:49","guid":{"rendered":"http:\/\/portalcatolico.net\/portal\/?p=57658"},"modified":"2018-08-13T22:52:49","modified_gmt":"2018-08-14T01:52:49","slug":"buerarema-festa-do-dia-do-estudante-na-casa-da-crianca-padre-jose-carlos-foi-comemorada-com-muita-alegria","status":"publish","type":"post","link":"http:\/\/portalcatolico.net\/portal\/buerarema-festa-do-dia-do-estudante-na-casa-da-crianca-padre-jose-carlos-foi-comemorada-com-muita-alegria\/","title":{"rendered":"Buerarema &#8211; Festa do Dia do Estudante na Casa da Crian\u00e7a Padre Jos\u00e9 Carlos foi comemorada com muita alegria."},"content":{"rendered":"<p><img loading=\"lazy\" decoding=\"async\" class=\"size-medium wp-image-57661 alignright\" src=\"http:\/\/portalcatolico.net\/portal\/wp-content\/uploads\/2018\/08\/38920210_1662983153799363_2467241588070285312_n-300x169.jpg\" alt=\"\" width=\"300\" height=\"169\" srcset=\"http:\/\/portalcatolico.net\/portal\/wp-content\/uploads\/2018\/08\/38920210_1662983153799363_2467241588070285312_n-300x169.jpg 300w, http:\/\/portalcatolico.net\/portal\/wp-content\/uploads\/2018\/08\/38920210_1662983153799363_2467241588070285312_n-768x432.jpg 768w, http:\/\/portalcatolico.net\/portal\/wp-content\/uploads\/2018\/08\/38920210_1662983153799363_2467241588070285312_n.jpg 960w\" sizes=\"auto, (max-width: 300px) 100vw, 300px\" \/>O s\u00e1bado (11) foi de muita alegria e divers\u00e3o para as crian\u00e7as&nbsp; que festejaram o Dia do Estudante na Casa da Crian\u00e7a Padre Jos\u00e9 Carlos. &nbsp;A festa &nbsp; que foi organizada pela equipe&nbsp; de eventos e dire\u00e7\u00e3o, contou com pe\u00e7a teatral, musical, filme&nbsp; e&nbsp; brincadeiras ministradas pelas organizadoras Adriana Alc\u00e2ntara e Maria do Carmo \u00c1vila. &#8221; Essa comemora\u00e7\u00e3o foi feita com muito amor para essas crian\u00e7as&#8221; disse Maria do Carmo.<\/p>\n<p>Fundada em 2008 com ajuda da Associa\u00e7\u00e3o Italiana de Solidariedade (AGAPE) tendo como representantes Dom Enzo e Lucia Marcheselli, a Casa da Crian\u00e7a atende mais de 100 crian\u00e7as e oferta<img loading=\"lazy\" decoding=\"async\" class=\"size-medium wp-image-57660 alignleft\" src=\"http:\/\/portalcatolico.net\/portal\/wp-content\/uploads\/2018\/08\/38890079_1662977087133303_8292833557898854400_n-284x300.jpg\" alt=\"\" width=\"284\" height=\"300\" srcset=\"http:\/\/portalcatolico.net\/portal\/wp-content\/uploads\/2018\/08\/38890079_1662977087133303_8292833557898854400_n-284x300.jpg 284w, http:\/\/portalcatolico.net\/portal\/wp-content\/uploads\/2018\/08\/38890079_1662977087133303_8292833557898854400_n-768x811.jpg 768w, http:\/\/portalcatolico.net\/portal\/wp-content\/uploads\/2018\/08\/38890079_1662977087133303_8292833557898854400_n.jpg 909w\" sizes=\"auto, (max-width: 284px) 100vw, 284px\" \/> diversas atividades como oficinas pedag\u00f3gicas, aula de flauta, capoeira, jiu jitsu, alfabetiza\u00e7\u00e3o e letramento, curso de pintura, educa\u00e7\u00e3o nutricional, educa\u00e7\u00e3o para higiene bucal,entre outros. &#8221; Amo participar das oficinas! Aprendo muito na aula de matem\u00e1tica, me divirto na aula de pintura e ainda bordo com a professora Nena. Isso \u00e9 fant\u00e1stico!&#8221; Relatou Mariana de Jesus, crian\u00e7a assistida pela Casa.<\/p>\n<p>A Casa Da Crian\u00e7a Padre Jos\u00e9 Carlos \u00e9 uma associa\u00e7\u00e3o privada, sem fins lucrativos, cujo o objetivo \u00e9 atender as crian\u00e7as de baixa renda. &#8221; \u00c9 um projeto de suma import\u00e2ncia para toda comunidade, a nossa principal finalidade \u00e9 &nbsp;acompanhar cada crian\u00e7a cadastrada no seu desenvolvimento integral, fortalecendo os la\u00e7os familiares e sociais&#8221; Concluiu Eug\u00eania Sanjuan, coordenadora da institui\u00e7\u00e3o.<\/p>\n<p>A Casa da Crian\u00e7a fica na&nbsp; <strong>2\u00aa<\/strong>&nbsp;Travessa&nbsp; da rua Floriano Peixoto, 51, centro, Buerarema, BA.Est\u00e1 aberta de segunda a sexta das 8h \u00e0s 17h e aos s\u00e1bados das 8h \u00e0s 12h.<strong>&nbsp;&nbsp;&nbsp;&nbsp;&nbsp;&nbsp;&nbsp;&nbsp;&nbsp;&nbsp;&nbsp;&nbsp;&nbsp;&nbsp;&nbsp;&nbsp;&nbsp;&nbsp;&nbsp;&nbsp;&nbsp;&nbsp;&nbsp;&nbsp;&nbsp;&nbsp;&nbsp;&nbsp;&nbsp;&nbsp;&nbsp;&nbsp;&nbsp;&nbsp;&nbsp; <\/strong><\/p>\n<p><strong>Mat\u00e9ria : Adriana Alc\u00e2ntara<\/strong><\/p>\n","protected":false},"excerpt":{"rendered":"<p>O s\u00e1bado (11) foi de muita alegria e divers\u00e3o para as crian\u00e7as&nbsp; que festejaram o Dia do Estudante na Casa da Crian\u00e7a Padre Jos\u00e9 Carlos. &nbsp;A festa &nbsp; que foi organizada pela equipe&nbsp; de eventos e dire\u00e7\u00e3o, contou com pe\u00e7a teatral, musical, filme&nbsp; e&nbsp; brincadeiras ministradas pelas organizadoras Adriana Alc\u00e2ntara e Maria do Carmo \u00c1vila.&nbsp;<\/p>\n<p><a class=\"btn btn-style\" href=\"http:\/\/portalcatolico.net\/portal\/buerarema-festa-do-dia-do-estudante-na-casa-da-crianca-padre-jose-carlos-foi-comemorada-com-muita-alegria\/\">Continue Reading<\/a><\/p>\n","protected":false},"author":2,"featured_media":57659,"comment_status":"open","ping_status":"open","sticky":false,"template":"","format":"standard","meta":{"footnotes":""},"categories":[2],"tags":[],"class_list":["post-57658","post","type-post","status-publish","format-standard","has-post-thumbnail","hentry","category-eventos"],"_links":{"self":[{"href":"http:\/\/portalcatolico.net\/portal\/wp-json\/wp\/v2\/posts\/57658","targetHints":{"allow":["GET"]}}],"collection":[{"href":"http:\/\/portalcatolico.net\/portal\/wp-json\/wp\/v2\/posts"}],"about":[{"href":"http:\/\/portalcatolico.net\/portal\/wp-json\/wp\/v2\/types\/post"}],"author":[{"embeddable":true,"href":"http:\/\/portalcatolico.net\/portal\/wp-json\/wp\/v2\/users\/2"}],"replies":[{"embeddable":true,"href":"http:\/\/portalcatolico.net\/portal\/wp-json\/wp\/v2\/comments?post=57658"}],"version-history":[{"count":1,"href":"http:\/\/portalcatolico.net\/portal\/wp-json\/wp\/v2\/posts\/57658\/revisions"}],"predecessor-version":[{"id":57662,"href":"http:\/\/portalcatolico.net\/portal\/wp-json\/wp\/v2\/posts\/57658\/revisions\/57662"}],"wp:featuredmedia":[{"embeddable":true,"href":"http:\/\/portalcatolico.net\/portal\/wp-json\/wp\/v2\/media\/57659"}],"wp:attachment":[{"href":"http:\/\/portalcatolico.net\/portal\/wp-json\/wp\/v2\/media?parent=57658"}],"wp:term":[{"taxonomy":"category","embeddable":true,"href":"http:\/\/portalcatolico.net\/portal\/wp-json\/wp\/v2\/categories?post=57658"},{"taxonomy":"post_tag","embeddable":true,"href":"http:\/\/portalcatolico.net\/portal\/wp-json\/wp\/v2\/tags?post=57658"}],"curies":[{"name":"wp","href":"https:\/\/api.w.org\/{rel}","templated":true}]}}