{"id":57652,"date":"2018-08-13T13:35:20","date_gmt":"2018-08-13T16:35:20","guid":{"rendered":"http:\/\/portalcatolico.net\/portal\/?p=57652"},"modified":"2018-08-13T13:36:43","modified_gmt":"2018-08-13T16:36:43","slug":"ii-vigilia-jovem-e-realizada-em-ibicarai","status":"publish","type":"post","link":"http:\/\/portalcatolico.net\/portal\/ii-vigilia-jovem-e-realizada-em-ibicarai\/","title":{"rendered":"II Vig\u00edlia Jovem \u00e9 realizada em Ibicara\u00ed"},"content":{"rendered":"<p style=\"font-weight: 400;\">A par\u00f3quia Senhor Deus Menino&nbsp; situada&nbsp; em Ibicara\u00ed, no sul da Bahia,&nbsp;iniciou neste s\u00e1bado,11 de agosto, a II Vig\u00edlia Jovem, com um&nbsp;grande arrast\u00e3o pelas principais ruas e avenida da cidade. O evento teve in\u00edcio \u00e0s 20h e contou com a participa\u00e7\u00e3o do Pe. Wesley Concei\u00e7\u00e3o do Carmo. A Par\u00f3quia tem como p\u00e1roco, o monsenhor Sebasti\u00e3o Bezerra ; como&nbsp;administrador paroquial, o padre Wesley da Concei\u00e7\u00e3o do&nbsp; Carmo, e como di\u00e1cono permanente da Diocese de Itabuna, o Sandoval Pinheiro.<img loading=\"lazy\" decoding=\"async\" class=\"size-medium wp-image-57655 alignleft\" src=\"http:\/\/portalcatolico.net\/portal\/wp-content\/uploads\/2018\/08\/IMG_0111-300x200.jpg\" alt=\"\" width=\"300\" height=\"200\" srcset=\"http:\/\/portalcatolico.net\/portal\/wp-content\/uploads\/2018\/08\/IMG_0111-300x200.jpg 300w, http:\/\/portalcatolico.net\/portal\/wp-content\/uploads\/2018\/08\/IMG_0111-768x512.jpg 768w, http:\/\/portalcatolico.net\/portal\/wp-content\/uploads\/2018\/08\/IMG_0111.jpg 800w\" sizes=\"auto, (max-width: 300px) 100vw, 300px\" \/><\/p>\n<p style=\"font-weight: 400;\">&nbsp;Na ocasi\u00e3o, foi feito um minuto&nbsp; de sil\u00eancio&nbsp;pedindo paz para a cidade, visto que o \u00edndice de viol\u00eancia na cidade est\u00e1 alto. &nbsp;<\/p>\n<p style=\"font-weight: 400;\">A&nbsp;concentra\u00e7\u00e3o aconteceu na Pra\u00e7a Henrique Sampaio&nbsp; no centro da cidade,&nbsp;\u00e0s 19h30, com a participa\u00e7\u00e3o da juventude das cidades de Itoror\u00f3,&nbsp;Floresta Azul, Itap\u00e9, Itabuna. &nbsp;Ao chegar na&nbsp;par\u00f3quia, em frente \u00e0 igreja Matriz do Senhor Menino, houve um grande louvor&nbsp;com o&nbsp; minist\u00e9rio de m\u00fasica da par\u00f3quia.<\/p>\n<p style=\"font-weight: 400;\">Uma multid\u00e3o tomou conta das ruas da cidade, louvando e rezando. E&nbsp;no percurso do arrast\u00e3o, os jovens demonstraram diversos ensinamentos, falando sobre viol\u00eancia, aborto, mentira, inveja, masturba\u00e7\u00e3o, falta de f\u00e9, orgulho, entre outros assuntos relevantes. <img loading=\"lazy\" decoding=\"async\" class=\"wp-image-57654 aligncenter\" src=\"http:\/\/portalcatolico.net\/portal\/wp-content\/uploads\/2018\/08\/IMG_0059-300x200.jpg\" alt=\"\" width=\"727\" height=\"484\" srcset=\"http:\/\/portalcatolico.net\/portal\/wp-content\/uploads\/2018\/08\/IMG_0059-300x200.jpg 300w, http:\/\/portalcatolico.net\/portal\/wp-content\/uploads\/2018\/08\/IMG_0059-768x512.jpg 768w, http:\/\/portalcatolico.net\/portal\/wp-content\/uploads\/2018\/08\/IMG_0059.jpg 800w\" sizes=\"auto, (max-width: 727px) 100vw, 727px\" \/>&nbsp;<\/p>\n<p style=\"font-weight: 400;\">O encerramento da Vig\u00edlia&nbsp;aconteceu por volta das 6h deste domingo (12),com a celebra\u00e7\u00e3o da&nbsp;santa eucaristia. A vig\u00edlia \u00e9 um momento de encontro&nbsp;entre as pessoas e Deus por meio da ora\u00e7\u00e3o, m\u00fasica. Elas se unem em&nbsp;vig\u00edlia para louvar, adorar e invocar a presen\u00e7a de Deus em suas vidas.<\/p>\n<p style=\"font-weight: 400;\">A&nbsp;equipe deste Portal parabeniza a todos os organizadores&nbsp; desta II Vig\u00edlia Jovem, por&nbsp;mais um evento cat\u00f3lica para nossa juventude.<\/p>\n<p>Texto: Portalcatolico.net<\/p>\n<p>Galeria de fotos.<a href=\"https:\/\/www.facebook.com\/portalcatolicooficial\/\"><span style=\"color: #ff0000;\">Clique aqui<\/span><\/a><\/p>\n<p>&nbsp;<\/p>\n","protected":false},"excerpt":{"rendered":"<p>A par\u00f3quia Senhor Deus Menino&nbsp; situada&nbsp; em Ibicara\u00ed, no sul da Bahia,&nbsp;iniciou neste s\u00e1bado,11 de agosto, a II Vig\u00edlia Jovem, com um&nbsp;grande arrast\u00e3o pelas principais ruas e avenida da cidade. O evento teve in\u00edcio \u00e0s 20h e contou com a participa\u00e7\u00e3o do Pe. Wesley Concei\u00e7\u00e3o do Carmo. A Par\u00f3quia tem como p\u00e1roco, o monsenhor Sebasti\u00e3o&nbsp;<\/p>\n<p><a class=\"btn btn-style\" href=\"http:\/\/portalcatolico.net\/portal\/ii-vigilia-jovem-e-realizada-em-ibicarai\/\">Continue Reading<\/a><\/p>\n","protected":false},"author":2,"featured_media":57653,"comment_status":"open","ping_status":"open","sticky":false,"template":"","format":"standard","meta":{"footnotes":""},"categories":[4],"tags":[],"class_list":["post-57652","post","type-post","status-publish","format-standard","has-post-thumbnail","hentry","category-destaques"],"_links":{"self":[{"href":"http:\/\/portalcatolico.net\/portal\/wp-json\/wp\/v2\/posts\/57652","targetHints":{"allow":["GET"]}}],"collection":[{"href":"http:\/\/portalcatolico.net\/portal\/wp-json\/wp\/v2\/posts"}],"about":[{"href":"http:\/\/portalcatolico.net\/portal\/wp-json\/wp\/v2\/types\/post"}],"author":[{"embeddable":true,"href":"http:\/\/portalcatolico.net\/portal\/wp-json\/wp\/v2\/users\/2"}],"replies":[{"embeddable":true,"href":"http:\/\/portalcatolico.net\/portal\/wp-json\/wp\/v2\/comments?post=57652"}],"version-history":[{"count":2,"href":"http:\/\/portalcatolico.net\/portal\/wp-json\/wp\/v2\/posts\/57652\/revisions"}],"predecessor-version":[{"id":57657,"href":"http:\/\/portalcatolico.net\/portal\/wp-json\/wp\/v2\/posts\/57652\/revisions\/57657"}],"wp:featuredmedia":[{"embeddable":true,"href":"http:\/\/portalcatolico.net\/portal\/wp-json\/wp\/v2\/media\/57653"}],"wp:attachment":[{"href":"http:\/\/portalcatolico.net\/portal\/wp-json\/wp\/v2\/media?parent=57652"}],"wp:term":[{"taxonomy":"category","embeddable":true,"href":"http:\/\/portalcatolico.net\/portal\/wp-json\/wp\/v2\/categories?post=57652"},{"taxonomy":"post_tag","embeddable":true,"href":"http:\/\/portalcatolico.net\/portal\/wp-json\/wp\/v2\/tags?post=57652"}],"curies":[{"name":"wp","href":"https:\/\/api.w.org\/{rel}","templated":true}]}}