{"id":57647,"date":"2018-08-13T13:22:14","date_gmt":"2018-08-13T16:22:14","guid":{"rendered":"http:\/\/portalcatolico.net\/portal\/?p=57647"},"modified":"2018-08-13T13:27:44","modified_gmt":"2018-08-13T16:27:44","slug":"paroquia-santa-rita-de-cassia-em-itabuna-realiza-encontro-de-pais-com-filhos","status":"publish","type":"post","link":"http:\/\/portalcatolico.net\/portal\/paroquia-santa-rita-de-cassia-em-itabuna-realiza-encontro-de-pais-com-filhos\/","title":{"rendered":"Par\u00f3quia Santa Rita de C\u00e1ssia em Itabuna realiza encontro de pais com filhos"},"content":{"rendered":"<p style=\"font-weight: 400;\">Aconteceu no \u00faltimo s\u00e1bado, 11 de agosto, na Par\u00f3quia Santa Rita de&nbsp;C\u00e1ssia, em Itabuna (BA), o encontro paroquial com os Pais que tem&nbsp; filhos na&nbsp;Catequese. O momento foi&nbsp; coordenado por agentes da Pastoral Familiar, encerrando assim,&nbsp; a prepara\u00e7\u00e3o da Hora da fam\u00edlia.&nbsp; Segundo a coordena\u00e7\u00e3o,&nbsp; as crian\u00e7as das quatro comunidades&nbsp; que&nbsp;comp\u00f5em a igreja matriz e os jovens da Perseveran\u00e7a, participaram deste encontro em prepara\u00e7\u00e3o a Semana&nbsp;Nacional da Fam\u00edlia, que se inicia nesta segunda-feira 13, na pra\u00e7a&nbsp;Camacan, no centro da cidade.&nbsp;<\/p>\n<p style=\"font-weight: 400;\">A Pastoral da Catequese paroquial n\u00e3o dispensou a obriga\u00e7\u00e3o e o compromisso&nbsp;que os pais t\u00eam de iniciar os seus filhos na f\u00e9 crist\u00e3. &#8220;A palavra de Deus ensina que n\u00f3s devemos nos amar. E eu acredito que pra uma fam\u00edlia dar certo tem que existir o amor. Assim como nessa Semana da Fam\u00edlia, como tamb\u00e9m neste domingo, que \u00e9 celebrado o Dia dos pais, que a gente possa estar refletindo qual o testemunho que vamos deixar para os nossos filhos. Qual legado de amor, obedi\u00eancia e perd\u00e3o que n\u00f3s vamos deixar para os nossos filhos&#8230;&#8221;, disse a &nbsp;pregadora \u00c2ngela Ferreira.<\/p>\n<p style=\"font-weight: 400;\">O encontro teve tamb\u00e9m a participa\u00e7\u00e3o dos jovens do EJC (Encontro de&nbsp;Jovens com Cristo), com a encena\u00e7\u00e3o de uma apresenta\u00e7\u00e3o em homenagem ao Dias dos pais, onde os pais presentes puderam se conscientizar de que a&nbsp;fam\u00edlia como ber\u00e7o da f\u00e9 crist\u00e3 deve reconhecer entre seus membros o&nbsp;pr\u00f3prio Cristo.<img loading=\"lazy\" decoding=\"async\" class=\"wp-image-57650 aligncenter\" src=\"http:\/\/portalcatolico.net\/portal\/wp-content\/uploads\/2018\/08\/DSCN8582-300x225.jpg\" alt=\"\" width=\"695\" height=\"521\" srcset=\"http:\/\/portalcatolico.net\/portal\/wp-content\/uploads\/2018\/08\/DSCN8582-300x225.jpg 300w, http:\/\/portalcatolico.net\/portal\/wp-content\/uploads\/2018\/08\/DSCN8582-768x576.jpg 768w, http:\/\/portalcatolico.net\/portal\/wp-content\/uploads\/2018\/08\/DSCN8582.jpg 800w\" sizes=\"auto, (max-width: 695px) 100vw, 695px\" \/><\/p>\n<p style=\"font-weight: 400;\">A Pastoral Familiar agradece a participa\u00e7\u00e3o dos pais e&nbsp;catequistas, bem como aos agentes que colaboraram para a realiza\u00e7\u00e3o do&nbsp;encontro. &#8220;A fam\u00edlia \u00e9 o cora\u00e7\u00e3o da nova evangeliza\u00e7\u00e3o&#8221; (Jo\u00e3o Paulo II).<\/p>\n<p>Galeria de fotos.<a href=\"https:\/\/www.facebook.com\/portalcatolicooficial\/\"><span style=\"color: #ff0000;\">Clique aqui<\/span><\/a><\/p>\n<p><strong>Assista o v\u00eddeo em homenagens aos pais.<\/strong><\/p>\n<p>&nbsp;<\/p>\n<p><iframe loading=\"lazy\"  id=\"_ytid_64763\"  width=\"480\" height=\"270\"  data-origwidth=\"480\" data-origheight=\"270\" src=\"https:\/\/www.youtube.com\/embed\/z31iiYP7-6k?enablejsapi=1&#038;autoplay=0&#038;cc_load_policy=0&#038;cc_lang_pref=&#038;iv_load_policy=1&#038;loop=0&#038;rel=1&#038;fs=1&#038;playsinline=0&#038;autohide=2&#038;theme=dark&#038;color=red&#038;controls=1&#038;disablekb=0&#038;\" class=\"__youtube_prefs__  epyt-is-override  no-lazyload\" title=\"YouTube player\"  allow=\"fullscreen; accelerometer; autoplay; clipboard-write; encrypted-media; gyroscope; picture-in-picture; web-share\" referrerpolicy=\"strict-origin-when-cross-origin\" allowfullscreen data-no-lazy=\"1\" data-skipgform_ajax_framebjll=\"\"><\/iframe><\/p>\n<p>Texto,fotos e v\u00eddeo: Portal Cat\u00f3lico.Net<\/p>\n","protected":false},"excerpt":{"rendered":"<p>Aconteceu no \u00faltimo s\u00e1bado, 11 de agosto, na Par\u00f3quia Santa Rita de&nbsp;C\u00e1ssia, em Itabuna (BA), o encontro paroquial com os Pais que tem&nbsp; filhos na&nbsp;Catequese. O momento foi&nbsp; coordenado por agentes da Pastoral Familiar, encerrando assim,&nbsp; a prepara\u00e7\u00e3o da Hora da fam\u00edlia.&nbsp; Segundo a coordena\u00e7\u00e3o,&nbsp; as crian\u00e7as das quatro comunidades&nbsp; que&nbsp;comp\u00f5em a igreja matriz e&nbsp;<\/p>\n<p><a class=\"btn btn-style\" href=\"http:\/\/portalcatolico.net\/portal\/paroquia-santa-rita-de-cassia-em-itabuna-realiza-encontro-de-pais-com-filhos\/\">Continue Reading<\/a><\/p>\n","protected":false},"author":2,"featured_media":57648,"comment_status":"open","ping_status":"open","sticky":false,"template":"","format":"standard","meta":{"footnotes":""},"categories":[65],"tags":[],"class_list":["post-57647","post","type-post","status-publish","format-standard","has-post-thumbnail","hentry","category-entrevistas"],"_links":{"self":[{"href":"http:\/\/portalcatolico.net\/portal\/wp-json\/wp\/v2\/posts\/57647","targetHints":{"allow":["GET"]}}],"collection":[{"href":"http:\/\/portalcatolico.net\/portal\/wp-json\/wp\/v2\/posts"}],"about":[{"href":"http:\/\/portalcatolico.net\/portal\/wp-json\/wp\/v2\/types\/post"}],"author":[{"embeddable":true,"href":"http:\/\/portalcatolico.net\/portal\/wp-json\/wp\/v2\/users\/2"}],"replies":[{"embeddable":true,"href":"http:\/\/portalcatolico.net\/portal\/wp-json\/wp\/v2\/comments?post=57647"}],"version-history":[{"count":2,"href":"http:\/\/portalcatolico.net\/portal\/wp-json\/wp\/v2\/posts\/57647\/revisions"}],"predecessor-version":[{"id":57651,"href":"http:\/\/portalcatolico.net\/portal\/wp-json\/wp\/v2\/posts\/57647\/revisions\/57651"}],"wp:featuredmedia":[{"embeddable":true,"href":"http:\/\/portalcatolico.net\/portal\/wp-json\/wp\/v2\/media\/57648"}],"wp:attachment":[{"href":"http:\/\/portalcatolico.net\/portal\/wp-json\/wp\/v2\/media?parent=57647"}],"wp:term":[{"taxonomy":"category","embeddable":true,"href":"http:\/\/portalcatolico.net\/portal\/wp-json\/wp\/v2\/categories?post=57647"},{"taxonomy":"post_tag","embeddable":true,"href":"http:\/\/portalcatolico.net\/portal\/wp-json\/wp\/v2\/tags?post=57647"}],"curies":[{"name":"wp","href":"https:\/\/api.w.org\/{rel}","templated":true}]}}