{"id":57644,"date":"2018-08-12T16:28:00","date_gmt":"2018-08-12T19:28:00","guid":{"rendered":"http:\/\/portalcatolico.net\/portal\/?p=57644"},"modified":"2018-08-12T16:28:30","modified_gmt":"2018-08-12T19:28:30","slug":"semana-da-familia-apresenta-em-itabuna-o-tao-aguardado-show-de-frei-gilson","status":"publish","type":"post","link":"http:\/\/portalcatolico.net\/portal\/semana-da-familia-apresenta-em-itabuna-o-tao-aguardado-show-de-frei-gilson\/","title":{"rendered":"Semana da Fam\u00edlia apresenta em Itabuna o t\u00e3o aguardado show de Frei Gilson"},"content":{"rendered":"<p style=\"font-weight: 400;\">Acontecer\u00e1 no 18 de agosto, em Itabuna (BA), um show de um dos maiores nomes da m\u00fasica cat\u00f3lica: o cantor e compositor, Frei Gilson. A apresenta\u00e7\u00e3o faz parte da programa\u00e7\u00e3o da Semana&nbsp; Nacional da Fam\u00edlia que est\u00e1 sendo realizada na cidade.<\/p>\n<p style=\"font-weight: 400;\">O evento religioso est\u00e1 sendo preparado&nbsp; pelo membros da Pastoral Familiar&nbsp; da Diocese de Itabuna, que t\u00eam a&nbsp;alegria de convidar voc\u00ea, sua&nbsp; fam\u00edlia e seus amigos&nbsp;para este momento de louvor e ora\u00e7\u00e3o.<\/p>\n<p style=\"font-weight: 400;\">O show ser\u00e1 gratuito, na Avenida Beira-Rio, pr\u00f3xima \u00e0 pra\u00e7a da C\u00e2mara de Vereadores de Itabuna, a partir das 19h.<\/p>\n<p style=\"font-weight: 400;\">Vale ressaltar que Frei Gilson&nbsp;da Silva Pupo&nbsp; Azevedo \u00e9 sacerdote e membro da Congrega\u00e7\u00e3o Carmelitas&nbsp;Mensageiras do Esp\u00edrito Santo.<\/p>\n<p>Foto:Divulga\u00e7\u00e3o<\/p>\n<p>Texto:Portal Cat\u00f3lico.Net<\/p>\n","protected":false},"excerpt":{"rendered":"<p>Acontecer\u00e1 no 18 de agosto, em Itabuna (BA), um show de um dos maiores nomes da m\u00fasica cat\u00f3lica: o cantor e compositor, Frei Gilson. A apresenta\u00e7\u00e3o faz parte da programa\u00e7\u00e3o da Semana&nbsp; Nacional da Fam\u00edlia que est\u00e1 sendo realizada na cidade. O evento religioso est\u00e1 sendo preparado&nbsp; pelo membros da Pastoral Familiar&nbsp; da Diocese de&nbsp;<\/p>\n<p><a class=\"btn btn-style\" href=\"http:\/\/portalcatolico.net\/portal\/semana-da-familia-apresenta-em-itabuna-o-tao-aguardado-show-de-frei-gilson\/\">Continue Reading<\/a><\/p>\n","protected":false},"author":2,"featured_media":57645,"comment_status":"open","ping_status":"open","sticky":false,"template":"","format":"standard","meta":{"footnotes":""},"categories":[1],"tags":[],"class_list":["post-57644","post","type-post","status-publish","format-standard","has-post-thumbnail","hentry","category-agenda"],"_links":{"self":[{"href":"http:\/\/portalcatolico.net\/portal\/wp-json\/wp\/v2\/posts\/57644","targetHints":{"allow":["GET"]}}],"collection":[{"href":"http:\/\/portalcatolico.net\/portal\/wp-json\/wp\/v2\/posts"}],"about":[{"href":"http:\/\/portalcatolico.net\/portal\/wp-json\/wp\/v2\/types\/post"}],"author":[{"embeddable":true,"href":"http:\/\/portalcatolico.net\/portal\/wp-json\/wp\/v2\/users\/2"}],"replies":[{"embeddable":true,"href":"http:\/\/portalcatolico.net\/portal\/wp-json\/wp\/v2\/comments?post=57644"}],"version-history":[{"count":1,"href":"http:\/\/portalcatolico.net\/portal\/wp-json\/wp\/v2\/posts\/57644\/revisions"}],"predecessor-version":[{"id":57646,"href":"http:\/\/portalcatolico.net\/portal\/wp-json\/wp\/v2\/posts\/57644\/revisions\/57646"}],"wp:featuredmedia":[{"embeddable":true,"href":"http:\/\/portalcatolico.net\/portal\/wp-json\/wp\/v2\/media\/57645"}],"wp:attachment":[{"href":"http:\/\/portalcatolico.net\/portal\/wp-json\/wp\/v2\/media?parent=57644"}],"wp:term":[{"taxonomy":"category","embeddable":true,"href":"http:\/\/portalcatolico.net\/portal\/wp-json\/wp\/v2\/categories?post=57644"},{"taxonomy":"post_tag","embeddable":true,"href":"http:\/\/portalcatolico.net\/portal\/wp-json\/wp\/v2\/tags?post=57644"}],"curies":[{"name":"wp","href":"https:\/\/api.w.org\/{rel}","templated":true}]}}