{"id":57637,"date":"2018-08-10T19:00:34","date_gmt":"2018-08-10T22:00:34","guid":{"rendered":"http:\/\/portalcatolico.net\/portal\/?p=57637"},"modified":"2018-08-10T19:05:47","modified_gmt":"2018-08-10T22:05:47","slug":"padre-renato-santidade-nao-e-projeto-pronto","status":"publish","type":"post","link":"http:\/\/portalcatolico.net\/portal\/padre-renato-santidade-nao-e-projeto-pronto\/","title":{"rendered":"Padre Renato: Santidade n\u00e3o \u00e9 projeto pronto"},"content":{"rendered":"<p>Santidade de vida exige de n\u00f3s uma real tomada de consci\u00eancia sobre o nosso modo de ser e agir nos ambientes onde Deus nos permite viver.<\/p>\n<p>Como temos dito nas reflex\u00f5es anteriores, o Papa Francisco nos d\u00e1 de presente esta Exorta\u00e7\u00e3o Apost\u00f3lica no seu quinto ano de pontificado. Trata-se de uma saud\u00e1vel provoca\u00e7\u00e3o \u00e0 santidade. Ao mesmo tempo, ele nos deixa claro que a Exorta\u00e7\u00e3o n\u00e3o \u00e9 um tratado sobre a santidade. Como podemos constatar, s\u00e3o reflex\u00f5es \u00fateis, importantes e necess\u00e1rias que nos ajudar\u00e3o a ver a proposta de santidade num horizonte bem mais amplo.<\/p>\n<p>Num primeiro momento, n\u00e3o podemos deixar de compreender que o convite \u00e0 santidade parte da pr\u00f3pria fonte de santidade, que \u00e9 Jesus, quando nos diz:&nbsp;<b>&#8220;Sede santos, assim como vosso Pai celeste \u00e9 santo&#8221;. (Mt 5,48).<\/b><\/p>\n<h4>Santidade: ser sal e luz em todos os lugares<\/h4>\n<p><b>&nbsp;<\/b>Como em todos os tempos e momentos, aderir a esta ordem de Jesus, n\u00e3o \u00e9 tarefa f\u00e1cil. Santidade de vida exige de n\u00f3s uma real tomada de consci\u00eancia sobre o nosso modo de ser e agir nos ambientes onde Deus nos permite viver. Podemos ser sal e luz em todos os lugares: na fam\u00edlia, no trabalho, nas pastorais, no clube, na sociedade&#8230; Santidade n\u00e3o \u00e9 projeto pronto. Deus nos desafia a sermos santos, diariamente.<\/p>\n<p>Todavia, os v\u00e1rios cen\u00e1rios: Pol\u00edtico, educacional, econ\u00f4mico, sociocultural, tecnol\u00f3gico, religioso, juvenil, etc, onde somos convidados a viver na radicalidade do seguimento, n\u00e3o favorecem o convite \u00e0 santidade proposta por Jesus. Nem sempre, nestes cen\u00e1rios, os valores do Reino s\u00e3o os valores essenciais&#8230; A cultura atual, chamada de P\u00f3s-Moderna, faz quest\u00e3o de apresentar tudo de forma fragment\u00e1ria onde o relativismo, o indiferentismo e o inconsistente influenciam diretamente nas nossas rela\u00e7\u00f5es interpessoais e, com Deus. Diante desses elementos, a proposta de Jesus acaba por perder o elo com a vida real. Santidade n\u00e3o \u00e9 fragmenta\u00e7\u00e3o, \u00e9 unidade em Deus. Santidade n\u00e3o \u00e9 relativismo, \u00e9 Absoluto. Santidade n\u00e3o \u00e9 indiferentismo, \u00e9 entusiasmo diante da vida. Santidade n\u00e3o \u00e9 inconsist\u00eancia, \u00e9 solidez.<\/p>\n<h4><b>&nbsp;<\/b><strong>Com Deus n\u00e3o se corta o cord\u00e3o umbilical<\/strong><\/h4>\n<p><b>&nbsp;<\/b>Esta fragmenta\u00e7\u00e3o, este relativismo, este indiferentismo e esta inconsist\u00eancia no seguimento radical da proposta do Reino nos enfraquecem e nos fazem perder&nbsp; o v\u00ednculo com o sagrado, com este mesmo Deus que nos convida a sermos santos. Para crescer na santidade jamais poderemos cortar o cord\u00e3o umbilical com Deus. Como afirma o pr\u00f3prio Jesus:&nbsp;<b><i>\u201cSem mim nada podeis fazer\u201d!<\/i><\/b>&nbsp;(Jo 15,5) Nem santidade pode acontecer sem Jesus.&nbsp; Afirma o Papa:&nbsp;<i>\u201c<b>No fundo, a santidade \u00e9 viver em uni\u00e3o com Ele os mist\u00e9rios da sua vida; consiste em associar-se duma maneira \u00fanica e pessoal \u00e0 morte e ressurrei\u00e7\u00e3o do Senhor, em morrer e ressuscitar continuamente com Ele\u201d. (GE 20)<\/b><\/i><\/p>\n<p><b>&nbsp;<\/b><strong>Santidade: Uma grande oportunidade.<\/strong><\/p>\n<p>E, n\u00e3o obstante a aridez dos cen\u00e1rios nos quais estamos inseridos, a santidade se torna uma grande oportunidade. Podemos, livre e, alegremente, dar testemunho do nosso ato de crer atrav\u00e9s das nossas atitudes, sobretudo. Seguimento radical de Jesus n\u00e3o s\u00e3o teorias, mas, fatos concretos. A vida se faz partilha&#8230; N\u00e3o devemos esquecer, jamais, que todo dia \u00e9 dia para sermos \u201cbons samaritanos\u201d. Portanto, santidade \u00e9 atitude. Diz-nos o Papa que&nbsp;<b><i>\u201cPara viver o Evangelho, n\u00e3o podemos esperar que tudo \u00e0 nossa volta seja favor\u00e1vel, porque muitas vezes as ambi\u00e7\u00f5es de poder e os interesses mundanos jogam contra n\u00f3s. (GE 91)<\/i><\/b><\/p>\n<p>Testemunhar diariamente a f\u00e9 em Jesus Cristo ressuscitado, onde quer que nos encontremos, ser\u00e1 o nosso maior desafio. Nesta perspectiva \u00e9 que podemos acolher com alegria o conte\u00fado desta Exorta\u00e7\u00e3o:&nbsp;<b><i>\u201c&#8230;fazer ressoar mais uma vez a chamada \u00e0 santidade, procurando encarn\u00e1-la no contexto atual, com os seus riscos, desafios e oportunidades, porque o Senhor escolheu cada um de n\u00f3s \u00abpara ser santo e irrepreens\u00edvel na sua presen\u00e7a, no amor\u00bb (cf. Ef 1, 4).(GE 2)<\/i><\/b><\/p>\n<p>O projeto de santidade que Jesus nos prop\u00f5e, jamais cair\u00e1 na vala comum das propostas l\u00edquidas e ef\u00eameras da cultura p\u00f3s-moderna, onde nada deve ser duradouro&#8230;&nbsp;<b><i>E, Jesus Cristo, continuar\u00e1 sendo o mesmo \u201contem, hoje e, sempre\u201d.(Hb 13,8)<\/i><\/b><\/p>\n<p><b>Para refletir:<\/b><\/p>\n<p>1.&nbsp;&nbsp;&nbsp;&nbsp;&nbsp;<b>Tenho sido \u2018bom samaritano\u2019 diante das dificuldades das pessoas?<\/b><\/p>\n<p>2.&nbsp;&nbsp;&nbsp;&nbsp;&nbsp;<b>Os valores do Reino s\u00e3o para mim valores essenciais<\/b>?<\/p>\n<p>Na pr\u00f3xima semana continuaremos a reflex\u00e3o sobre a Exorta\u00e7\u00e3o Apost\u00f3lica Gaudete et Exultate.<\/p>\n<p><b>Por:Padre Renato dos Santos \u2013 SDB \u2013 Cidade do Vaticano<\/b><\/p>\n<p>Fonte:Vatican News<\/p>\n","protected":false},"excerpt":{"rendered":"<p>Santidade de vida exige de n\u00f3s uma real tomada de consci\u00eancia sobre o nosso modo de ser e agir nos ambientes onde Deus nos permite viver. Como temos dito nas reflex\u00f5es anteriores, o Papa Francisco nos d\u00e1 de presente esta Exorta\u00e7\u00e3o Apost\u00f3lica no seu quinto ano de pontificado. Trata-se de uma saud\u00e1vel provoca\u00e7\u00e3o \u00e0 santidade.&nbsp;<\/p>\n<p><a class=\"btn btn-style\" href=\"http:\/\/portalcatolico.net\/portal\/padre-renato-santidade-nao-e-projeto-pronto\/\">Continue Reading<\/a><\/p>\n","protected":false},"author":2,"featured_media":57638,"comment_status":"open","ping_status":"open","sticky":false,"template":"","format":"standard","meta":{"footnotes":""},"categories":[69],"tags":[],"class_list":["post-57637","post","type-post","status-publish","format-standard","has-post-thumbnail","hentry","category-artigos"],"_links":{"self":[{"href":"http:\/\/portalcatolico.net\/portal\/wp-json\/wp\/v2\/posts\/57637","targetHints":{"allow":["GET"]}}],"collection":[{"href":"http:\/\/portalcatolico.net\/portal\/wp-json\/wp\/v2\/posts"}],"about":[{"href":"http:\/\/portalcatolico.net\/portal\/wp-json\/wp\/v2\/types\/post"}],"author":[{"embeddable":true,"href":"http:\/\/portalcatolico.net\/portal\/wp-json\/wp\/v2\/users\/2"}],"replies":[{"embeddable":true,"href":"http:\/\/portalcatolico.net\/portal\/wp-json\/wp\/v2\/comments?post=57637"}],"version-history":[{"count":2,"href":"http:\/\/portalcatolico.net\/portal\/wp-json\/wp\/v2\/posts\/57637\/revisions"}],"predecessor-version":[{"id":57640,"href":"http:\/\/portalcatolico.net\/portal\/wp-json\/wp\/v2\/posts\/57637\/revisions\/57640"}],"wp:featuredmedia":[{"embeddable":true,"href":"http:\/\/portalcatolico.net\/portal\/wp-json\/wp\/v2\/media\/57638"}],"wp:attachment":[{"href":"http:\/\/portalcatolico.net\/portal\/wp-json\/wp\/v2\/media?parent=57637"}],"wp:term":[{"taxonomy":"category","embeddable":true,"href":"http:\/\/portalcatolico.net\/portal\/wp-json\/wp\/v2\/categories?post=57637"},{"taxonomy":"post_tag","embeddable":true,"href":"http:\/\/portalcatolico.net\/portal\/wp-json\/wp\/v2\/tags?post=57637"}],"curies":[{"name":"wp","href":"https:\/\/api.w.org\/{rel}","templated":true}]}}