{"id":57633,"date":"2018-08-10T18:52:15","date_gmt":"2018-08-10T21:52:15","guid":{"rendered":"http:\/\/portalcatolico.net\/portal\/?p=57633"},"modified":"2018-08-10T18:53:04","modified_gmt":"2018-08-10T21:53:04","slug":"57633-2","status":"publish","type":"post","link":"http:\/\/portalcatolico.net\/portal\/57633-2\/","title":{"rendered":"Brotos de nova pol\u00edtica"},"content":{"rendered":"<p>\u201cA esperan\u00e7a \u00e9 a \u00faltima que morre\u201d, diz a sabedoria popular. Na verdade, a esperan\u00e7a n\u00e3o pode morrer, pois \u00e9 chama que ilumina horizontes sombrios e permite enxergar rumos novos. Esse entendimento deve inspirar a sociedade brasileira neste ano eleitoral, quando todos s\u00e3o convocados a investir nos \u201cbrotos\u201d de uma nova pol\u00edtica. Afinal, n\u00e3o \u00e9 poss\u00edvel pensar em avan\u00e7os, consertos e novas respostas sem a reconfigura\u00e7\u00e3o do universo pol\u00edtico. &nbsp;E trata-se de uma obviedade dizer que graves problemas &#8211; corrup\u00e7\u00e3o, depreda\u00e7\u00e3o e apropria\u00e7\u00e3o indevida do bem comum, entre tantos outros males &#8211; s\u00e3o alimentados pela velha pol\u00edtica brasileira, que enterra a sociedade em um verdadeiro lama\u00e7al. Ent\u00e3o, como poder\u00e3o surgir os brotos de uma nova pol\u00edtica? Essa \u00e9 uma pergunta que n\u00e3o pode ser respondida com facilidade, mas que deve orientar a participa\u00e7\u00e3o cidad\u00e3 de todos.<\/p>\n<p>Pode-se pensar em nomes que ainda n\u00e3o disputaram elei\u00e7\u00f5es, acreditar que tantos outros, j\u00e1 veteranos, corrigir\u00e3o suas posturas. De todas as formas, constata-se que a lista das boas op\u00e7\u00f5es n\u00e3o \u00e9 grande, pois a vaidade toma conta dos cora\u00e7\u00f5es dos candidatos e n\u00e3o deixa espa\u00e7o para valores human\u00edsticos, prevalecendo interesses partid\u00e1rios pouco nobres. O contexto brasileiro requer verdadeira convers\u00e3o pol\u00edtica. Isso exige que os candidatos n\u00e3o se limitem a apresentar-se apenas como \u201cinocentes\u201d e \u201chonestos\u201d. Tamb\u00e9m s\u00e3o dispens\u00e1veis os discursos vazios, que objetivam passar falsa imagem ao eleitor. O desafio \u00e9 reconhecer o aut\u00eantico sentido da pol\u00edtica: lutar e contribuir para promover o bem comum.&nbsp; &nbsp;<\/p>\n<p>Ora, a finalidade da atividade pol\u00edtica \u00e9 o bem do Estado, nunca a sua depreda\u00e7\u00e3o. &nbsp;A apropria\u00e7\u00e3o do er\u00e1rio por pequenos grupos e oligarquias, para o atendimento de interesses que s\u00e3o distantes dos anseios da coletividade, \u00e9 inaceit\u00e1vel. A pol\u00edtica deve se fundamentar na ordem moral e ter por objetivo a promo\u00e7\u00e3o do bem comum. &nbsp;Cada cidad\u00e3o precisa trabalhar para que o universo pol\u00edtico alinhe-se a essa perspectiva. Na B\u00edblia, o profeta Isa\u00edas evoca a imagem de um pano sujo para se referir ao que \u00e9 podre e corrupto. Pode-se dizer que fizeram da pol\u00edtica um \u201cpano sujo\u201d. E a tarefa de todos \u00e9 recuperar o sentido genu\u00edno do exerc\u00edcio do poder. Para isso, antes de observar interesses partid\u00e1rios ou princ\u00edpios ideol\u00f3gicos, a consci\u00eancia cidad\u00e3 precisa enxergar e buscar o que promove o bem de todos.<\/p>\n<p>Consciente do sentido genu\u00edno da pol\u00edtica, o eleitor ser\u00e1 capaz de questionar aqueles que exercem o poder e os que desejam ser representantes do povo. Sem esse questionamento, n\u00e3o se pode esperar que ocorram as necess\u00e1rias mudan\u00e7as no pa\u00eds.&nbsp; A elei\u00e7\u00e3o de pessoas capazes de conduzir a sociedade rumo a novas dire\u00e7\u00f5es depende, sobretudo, do compromisso cidad\u00e3o de transformar o contexto pol\u00edtico. Somente com o qualificado exerc\u00edcio da cidadania, ser\u00e1 poss\u00edvel gerar os brotos de uma nova pol\u00edtica. Nesse sentido, sejam combatidos discursos demag\u00f3gicos, debates sem propostas, que se limitam ao ataque de concorrentes, procurando esconder as pr\u00f3prias limita\u00e7\u00f5es.<\/p>\n<p>Gerar e cultivar o broto de uma nova pol\u00edtica \u00e9 contribuir para ultrapassar a velha din\u00e2mica que prioriza a busca ego\u00edsta pela satisfa\u00e7\u00e3o de interesses pessoais ou de pequenos grupos, a partir do sacrif\u00edcio de muitos. \u00c9 vencer processos com burocratiza\u00e7\u00f5es est\u00e9reis que levam a perdas significativas e revelam a incapacidade para urgentes discernimentos. Mais importante: o passo primeiro para qualificar as inst\u00e2ncias do poder \u00e9 reconhecer o real objetivo da pol\u00edtica &#8211; estar a servi\u00e7o da vida.&nbsp;<\/p>\n<p>Para ser aut\u00eantica, a pol\u00edtica n\u00e3o pode ser identificada como conjunto de trapa\u00e7as e outras atitudes que revelam mesquinhez. O bem comum precisa ser a meta de todos &#8211;&nbsp; eleitores e candidatos.&nbsp; O ano eleitoral convoca todos para redobrar a aten\u00e7\u00e3o e buscar, esperan\u00e7osamente, os brotos da nova pol\u00edtica. N\u00e3o \u00e9 tarefa f\u00e1cil, mas \u201ca esperan\u00e7a \u00e9 a \u00faltima que morre\u201d. A esperan\u00e7a n\u00e3o pode morrer.<\/p>\n<p>Dom Walmor Oliveira de Azevedo<\/p>\n<p>Arcebispo metropolitano de Belo Horizonte<\/p>\n<p>Foto:(Reprodu\u00e7\u00e3o\/ Pixabay)<\/p>\n","protected":false},"excerpt":{"rendered":"<p>\u201cA esperan\u00e7a \u00e9 a \u00faltima que morre\u201d, diz a sabedoria popular. Na verdade, a esperan\u00e7a n\u00e3o pode morrer, pois \u00e9 chama que ilumina horizontes sombrios e permite enxergar rumos novos. Esse entendimento deve inspirar a sociedade brasileira neste ano eleitoral, quando todos s\u00e3o convocados a investir nos \u201cbrotos\u201d de uma nova pol\u00edtica. Afinal, n\u00e3o \u00e9&nbsp;<\/p>\n<p><a class=\"btn btn-style\" href=\"http:\/\/portalcatolico.net\/portal\/57633-2\/\">Continue Reading<\/a><\/p>\n","protected":false},"author":2,"featured_media":57634,"comment_status":"open","ping_status":"open","sticky":false,"template":"","format":"standard","meta":{"footnotes":""},"categories":[69],"tags":[],"class_list":["post-57633","post","type-post","status-publish","format-standard","has-post-thumbnail","hentry","category-artigos"],"_links":{"self":[{"href":"http:\/\/portalcatolico.net\/portal\/wp-json\/wp\/v2\/posts\/57633","targetHints":{"allow":["GET"]}}],"collection":[{"href":"http:\/\/portalcatolico.net\/portal\/wp-json\/wp\/v2\/posts"}],"about":[{"href":"http:\/\/portalcatolico.net\/portal\/wp-json\/wp\/v2\/types\/post"}],"author":[{"embeddable":true,"href":"http:\/\/portalcatolico.net\/portal\/wp-json\/wp\/v2\/users\/2"}],"replies":[{"embeddable":true,"href":"http:\/\/portalcatolico.net\/portal\/wp-json\/wp\/v2\/comments?post=57633"}],"version-history":[{"count":2,"href":"http:\/\/portalcatolico.net\/portal\/wp-json\/wp\/v2\/posts\/57633\/revisions"}],"predecessor-version":[{"id":57636,"href":"http:\/\/portalcatolico.net\/portal\/wp-json\/wp\/v2\/posts\/57633\/revisions\/57636"}],"wp:featuredmedia":[{"embeddable":true,"href":"http:\/\/portalcatolico.net\/portal\/wp-json\/wp\/v2\/media\/57634"}],"wp:attachment":[{"href":"http:\/\/portalcatolico.net\/portal\/wp-json\/wp\/v2\/media?parent=57633"}],"wp:term":[{"taxonomy":"category","embeddable":true,"href":"http:\/\/portalcatolico.net\/portal\/wp-json\/wp\/v2\/categories?post=57633"},{"taxonomy":"post_tag","embeddable":true,"href":"http:\/\/portalcatolico.net\/portal\/wp-json\/wp\/v2\/tags?post=57633"}],"curies":[{"name":"wp","href":"https:\/\/api.w.org\/{rel}","templated":true}]}}