{"id":57630,"date":"2018-08-11T00:47:42","date_gmt":"2018-08-11T03:47:42","guid":{"rendered":"http:\/\/portalcatolico.net\/portal\/?p=57630"},"modified":"2018-08-10T18:53:50","modified_gmt":"2018-08-10T21:53:50","slug":"vem-ai-a-festa-de-nossa-senhora-das-vitorias-em-itabuna","status":"publish","type":"post","link":"http:\/\/portalcatolico.net\/portal\/vem-ai-a-festa-de-nossa-senhora-das-vitorias-em-itabuna\/","title":{"rendered":"Vem a\u00ed a Festa de Nossa Senhora das Vit\u00f3rias em Itabuna"},"content":{"rendered":"<p style=\"font-weight: 400;\">A par\u00f3quia Nossa Senhora das Vit\u00f3rias est\u00e1 divulgando o Noven\u00e1rio e&nbsp;Festa em louvor a Nossa Senhora das Vit\u00f3rias que&nbsp;acontecer\u00e1 em Itabuna (BA)&nbsp;entre os dias 19 e 26 de agosto. Ser\u00e1 uma&nbsp;semana de prepara\u00e7\u00e3o para festejar a padroeira do bairro Jardim&nbsp;Vit\u00f3ria na Diocese de Itabuna.<\/p>\n<p style=\"font-weight: 400;\">A Celebra\u00e7\u00e3o Eucar\u00edstica&nbsp;acontecer\u00e1 todas as noites sempre \u00e0s 19h e&nbsp; o tema central para este ano nacional do laicato ser\u00e1: &#8220;A miss\u00e3o do leigo: sal da terra e luz do mundo.&#8221;(MT 5,13-14).<br \/>\n&nbsp;Ser\u00e3o nove dias de reflex\u00f5es, ora\u00e7\u00f5es, louvor, prociss\u00e3o, missa e&nbsp;quermesse entre, outros momentos de evangeliza\u00e7\u00e3o.<\/p>\n<p style=\"font-weight: 400;\">Participe deste momento e mostre toda sua gratid\u00e3o ao amor de Deus&nbsp;pelas vit\u00f3rias conquistadas.<br \/>\n&nbsp;A Par\u00f3quia Nossa Senhora das Vit\u00f3rias, situa-se no bairro Jardim&nbsp;Vit\u00f3ria, na Diocese de Itabuna e tem como p\u00e1roco, o padre Gilmar&nbsp;Oliveira.<br \/>\n&nbsp;Em breve, ser\u00e1 divulgada a programa\u00e7\u00e3o completa da festa.&nbsp;<br \/>\n&nbsp;Aguarde!<\/p>\n<p>Foto: Arguivo\/Portal Cat\u00f3lico.net<\/p>\n<p>Texto: Portalcatolico.Net<\/p>\n","protected":false},"excerpt":{"rendered":"<p>A par\u00f3quia Nossa Senhora das Vit\u00f3rias est\u00e1 divulgando o Noven\u00e1rio e&nbsp;Festa em louvor a Nossa Senhora das Vit\u00f3rias que&nbsp;acontecer\u00e1 em Itabuna (BA)&nbsp;entre os dias 19 e 26 de agosto. Ser\u00e1 uma&nbsp;semana de prepara\u00e7\u00e3o para festejar a padroeira do bairro Jardim&nbsp;Vit\u00f3ria na Diocese de Itabuna. A Celebra\u00e7\u00e3o Eucar\u00edstica&nbsp;acontecer\u00e1 todas as noites sempre \u00e0s 19h e&nbsp; o&nbsp;<\/p>\n<p><a class=\"btn btn-style\" href=\"http:\/\/portalcatolico.net\/portal\/vem-ai-a-festa-de-nossa-senhora-das-vitorias-em-itabuna\/\">Continue Reading<\/a><\/p>\n","protected":false},"author":2,"featured_media":57631,"comment_status":"open","ping_status":"open","sticky":false,"template":"","format":"standard","meta":{"footnotes":""},"categories":[1],"tags":[],"class_list":["post-57630","post","type-post","status-publish","format-standard","has-post-thumbnail","hentry","category-agenda"],"_links":{"self":[{"href":"http:\/\/portalcatolico.net\/portal\/wp-json\/wp\/v2\/posts\/57630","targetHints":{"allow":["GET"]}}],"collection":[{"href":"http:\/\/portalcatolico.net\/portal\/wp-json\/wp\/v2\/posts"}],"about":[{"href":"http:\/\/portalcatolico.net\/portal\/wp-json\/wp\/v2\/types\/post"}],"author":[{"embeddable":true,"href":"http:\/\/portalcatolico.net\/portal\/wp-json\/wp\/v2\/users\/2"}],"replies":[{"embeddable":true,"href":"http:\/\/portalcatolico.net\/portal\/wp-json\/wp\/v2\/comments?post=57630"}],"version-history":[{"count":1,"href":"http:\/\/portalcatolico.net\/portal\/wp-json\/wp\/v2\/posts\/57630\/revisions"}],"predecessor-version":[{"id":57632,"href":"http:\/\/portalcatolico.net\/portal\/wp-json\/wp\/v2\/posts\/57630\/revisions\/57632"}],"wp:featuredmedia":[{"embeddable":true,"href":"http:\/\/portalcatolico.net\/portal\/wp-json\/wp\/v2\/media\/57631"}],"wp:attachment":[{"href":"http:\/\/portalcatolico.net\/portal\/wp-json\/wp\/v2\/media?parent=57630"}],"wp:term":[{"taxonomy":"category","embeddable":true,"href":"http:\/\/portalcatolico.net\/portal\/wp-json\/wp\/v2\/categories?post=57630"},{"taxonomy":"post_tag","embeddable":true,"href":"http:\/\/portalcatolico.net\/portal\/wp-json\/wp\/v2\/tags?post=57630"}],"curies":[{"name":"wp","href":"https:\/\/api.w.org\/{rel}","templated":true}]}}