{"id":57624,"date":"2018-08-09T20:16:15","date_gmt":"2018-08-09T23:16:15","guid":{"rendered":"http:\/\/portalcatolico.net\/portal\/?p=57624"},"modified":"2018-08-09T20:16:49","modified_gmt":"2018-08-09T23:16:49","slug":"caruru-do-amor-acontece-em-itabuna-2","status":"publish","type":"post","link":"http:\/\/portalcatolico.net\/portal\/caruru-do-amor-acontece-em-itabuna-2\/","title":{"rendered":"Caruru do Amor acontece em Itabuna"},"content":{"rendered":"<p>O tradicional Caruru do Amor ser\u00e1 realizado no dia 19 de agosto, no sal\u00e3o da par\u00f3quia Santa Rita de C\u00e1ssia, em Itabuna (BA).O evento acontecer\u00e1 a partir das 11:30 \u00e1s 13h. Os bilhetes est\u00e3o \u00e0 venda no valor de 10 reais e podem ser adquiridos com os membros da \u201cRCC\u201d Grupo de Ora\u00e7\u00e3o Santa Rita de C\u00e1ssia, no plant\u00e3o do d\u00edzimo e nos hor\u00e1rios das missas.<\/p>\n<p>Toda a renda ser\u00e1 em prol do 7\u00aa PHN que vai acontecer em setembro, em &nbsp;Itabuna. A realiza\u00e7\u00e3o e a&nbsp;organiza\u00e7\u00e3o s\u00e3o da &nbsp;Renova\u00e7\u00e3o Carism\u00e1tica Cat\u00f3lica da par\u00f3quia Santa Rita de C\u00e1ssia, pertencente \u00e0 Diocese de Itabuna, que se situa no bairro S\u00e3o Caetano.<\/p>\n<p>Foto:Divulga\u00e7\u00e3o<\/p>\n<p>Texto: Portalcatolico.Net<\/p>\n","protected":false},"excerpt":{"rendered":"<p>O tradicional Caruru do Amor ser\u00e1 realizado no dia 19 de agosto, no sal\u00e3o da par\u00f3quia Santa Rita de C\u00e1ssia, em Itabuna (BA).O evento acontecer\u00e1 a partir das 11:30 \u00e1s 13h. Os bilhetes est\u00e3o \u00e0 venda no valor de 10 reais e podem ser adquiridos com os membros da \u201cRCC\u201d Grupo de Ora\u00e7\u00e3o Santa Rita&nbsp;<\/p>\n<p><a class=\"btn btn-style\" href=\"http:\/\/portalcatolico.net\/portal\/caruru-do-amor-acontece-em-itabuna-2\/\">Continue Reading<\/a><\/p>\n","protected":false},"author":2,"featured_media":57625,"comment_status":"open","ping_status":"open","sticky":false,"template":"","format":"standard","meta":{"footnotes":""},"categories":[1],"tags":[],"class_list":["post-57624","post","type-post","status-publish","format-standard","has-post-thumbnail","hentry","category-agenda"],"_links":{"self":[{"href":"http:\/\/portalcatolico.net\/portal\/wp-json\/wp\/v2\/posts\/57624","targetHints":{"allow":["GET"]}}],"collection":[{"href":"http:\/\/portalcatolico.net\/portal\/wp-json\/wp\/v2\/posts"}],"about":[{"href":"http:\/\/portalcatolico.net\/portal\/wp-json\/wp\/v2\/types\/post"}],"author":[{"embeddable":true,"href":"http:\/\/portalcatolico.net\/portal\/wp-json\/wp\/v2\/users\/2"}],"replies":[{"embeddable":true,"href":"http:\/\/portalcatolico.net\/portal\/wp-json\/wp\/v2\/comments?post=57624"}],"version-history":[{"count":2,"href":"http:\/\/portalcatolico.net\/portal\/wp-json\/wp\/v2\/posts\/57624\/revisions"}],"predecessor-version":[{"id":57627,"href":"http:\/\/portalcatolico.net\/portal\/wp-json\/wp\/v2\/posts\/57624\/revisions\/57627"}],"wp:featuredmedia":[{"embeddable":true,"href":"http:\/\/portalcatolico.net\/portal\/wp-json\/wp\/v2\/media\/57625"}],"wp:attachment":[{"href":"http:\/\/portalcatolico.net\/portal\/wp-json\/wp\/v2\/media?parent=57624"}],"wp:term":[{"taxonomy":"category","embeddable":true,"href":"http:\/\/portalcatolico.net\/portal\/wp-json\/wp\/v2\/categories?post=57624"},{"taxonomy":"post_tag","embeddable":true,"href":"http:\/\/portalcatolico.net\/portal\/wp-json\/wp\/v2\/tags?post=57624"}],"curies":[{"name":"wp","href":"https:\/\/api.w.org\/{rel}","templated":true}]}}