{"id":57620,"date":"2018-08-09T18:44:31","date_gmt":"2018-08-09T21:44:31","guid":{"rendered":"http:\/\/portalcatolico.net\/portal\/?p=57620"},"modified":"2018-08-09T18:46:04","modified_gmt":"2018-08-09T21:46:04","slug":"triunfo-da-vida-senado-rejeita-projeto-de-lei-do-aborto-na-argentina","status":"publish","type":"post","link":"http:\/\/portalcatolico.net\/portal\/triunfo-da-vida-senado-rejeita-projeto-de-lei-do-aborto-na-argentina\/","title":{"rendered":"Triunfo da vida: Senado rejeita projeto de lei do aborto na Argentina"},"content":{"rendered":"<p>Nesta madrugada, em uma sess\u00e3o hist\u00f3rica que durou 16 horas, o Senado da Argentina rejeitou o projeto do&nbsp;aborto&nbsp;livre.<\/p>\n<p>Dos 72 senadores, 38 votaram contra a despenaliza\u00e7\u00e3o do aborto, 31 votaram a favor, dois se abstiveram e houve uma aus\u00eancia.<\/p>\n<p>O projeto de lei buscava permitir o aborto livre at\u00e9 a 14\u00aa semana de gravidez e at\u00e9 os nove meses de gesta\u00e7\u00e3o em casos de viola\u00e7\u00e3o, de risco \u00e0 sa\u00fade da m\u00e3e e inviabilidade do feto. Al\u00e9m disso, proibia a obje\u00e7\u00e3o de consci\u00eancia institucional.<\/p>\n<p>Com este resultado, o projeto foi fechado definitivamente neste ano legislativo e s\u00f3 poderia ser reaberto a um debate parlamentar em 2019.<\/p>\n<p>Durante o debate, a ex-presidente e agora senadora Cristina Fern\u00e1ndez participou para defender a sua promo\u00e7\u00e3o do aborto.<\/p>\n<p>Por sua parte, uma das encarregadas de encerrar as apresenta\u00e7\u00f5es em favor da&nbsp;vida&nbsp;foi a senadora Silvia El\u00edas de P\u00e9rez.<\/p>\n<p>El\u00edas de P\u00e9rez recordou que &#8220;nada justifica&#8221; que a vida esteja &#8220;\u00e0 merc\u00ea de nada nem de ningu\u00e9m&#8221;. Tamb\u00e9m advertiu que o projeto do aborto significava &#8220;instituir uma nova discrimina\u00e7\u00e3o, entre aqueles que s\u00e3o desejados e aqueles que n\u00e3o s\u00e3o&#8221;.<\/p>\n<p>Do mesmo modo, depois de assinalar que o Estado deve acompanhar a gestante, a senadora denunciou que durante os meses em que se distutiu o projeto \u201cinsultaram a todos n\u00f3s que professamos a f\u00e9 cat\u00f3lica, como nunca havia acontecido na Argentina\u201d.<\/p>\n<p>&#8220;Realmente legalizar o aborto \u00e9 admitir simplesmente o fracasso do Estado; \u00e9 ignorar o trabalho de preven\u00e7\u00e3o&#8221;, expressou.<\/p>\n<div class=\"SandboxRoot env-bp-350\" data-twitter-event-id=\"1\">\n<div id=\"twitter-widget-1\" class=\"EmbeddedTweet EmbeddedTweet--edge EmbeddedTweet--mediaForward media-forward js-clickToOpenTarget js-tweetIdInfo tweet-InformationCircle-widgetParent\" lang=\"pt\" data-click-to-open-target=\"https:\/\/twitter.com\/PaoChabe\/status\/1027437276412997632\" data-iframe-title=\"Tweet do Twitter\" data-dt-full=\"%{hours24}: %{minutes} - %{day} %{month} %{year} \" data-dt-explicit-timestamp=\"03:11 - 9 de ago de 2018\" data-dt-months=\"jan|fev|mar|abr|maio|jun|jul|ago|set|out|nov|dez\" data-dt-am=\"AM\" data-dt-pm=\"PM\" data-dt-now=\"agora\" data-dt-s=\"s\" data-dt-m=\"m\" data-dt-h=\"h\" data-dt-second=\"segundo\" data-dt-seconds=\"segundos\" data-dt-minute=\"minuto\" data-dt-minutes=\"minutos\" data-dt-hour=\"hora\" data-dt-hours=\"horas\" data-dt-abbr=\"%{number}%{symbol}\" data-dt-short=\"%{day} %{month}\" data-dt-long=\"%{day} %{month} %{year}\" data-scribe=\"page:tweet\" data-tweet-id=\"1027437276412997632\" data-twitter-event-id=\"6\">\n<article class=\"MediaCard MediaCard--mediaForward customisable-border\" dir=\"ltr\" data-scribe=\"component:card\">\n<div class=\"MediaCard-media\">\n<p><span class=\"u-hiddenVisually\">Ver imagem no Twitter<\/span><\/p>\n<div class=\"MediaCard-widthConstraint js-cspForcedStyle\" data-style=\"max-width: 642px\">\n<div class=\"MediaCard-mediaContainer js-cspForcedStyle\" data-style=\"padding-bottom: 100.0000%\"><a class=\"MediaCard-mediaAsset NaturalImage\" href=\"https:\/\/twitter.com\/PaoChabe\/status\/1027437276412997632\/photo\/1\" data-scribe=\"element:photo\"><img loading=\"lazy\" decoding=\"async\" class=\"NaturalImage-image aligncenter\" title=\"Ver imagem no Twitter\" src=\"https:\/\/pbs.twimg.com\/media\/DkIwwaPXgAEtplc?format=jpg&amp;name=small\" alt=\"Ver imagem no Twitter\" width=\"679\" height=\"679\" data-image=\"https:\/\/pbs.twimg.com\/media\/DkIwwaPXgAEtplc\"><\/a><\/div>\n<\/div>\n<\/div>\n<\/article>\n<div class=\"EmbeddedTweet-tweet\">\n<blockquote class=\"Tweet h-entry js-tweetIdInfo subject expanded\" cite=\"https:\/\/twitter.com\/PaoChabe\/status\/1027437276412997632\" data-tweet-id=\"1027437276412997632\" data-scribe=\"section:subject\">\n<div class=\"Tweet-header\">\n<p>Enquanto debatiam o projeto no Congresso, numerosos fi\u00e9is estavam na Catedral de Buenos Aires para celebrar a&nbsp;Missa&nbsp;pela Vida, presidida pelo Arcebispo local e Primaz da Argentina, Cardeal Mario Aurelio Poli.<\/p>\n<p>Em sua homilia, o Purpurado reiterou que &#8220;o aborto sempre ser\u00e1 um drama&#8221; e &#8220;est\u00e1 longe de ser uma solu\u00e7\u00e3o&#8221;. Al\u00e9m disso, afirmou aos senadores que \u201cconfiamos que sempre legislar\u00e3o para o bem comum, colocar\u00e3o o melhor de suas experi\u00eancias para proteger o direito \u00e0 vida de todos, especialmente dos mais fracos e indefesos&#8221;.<\/p>\n<p>O resultado da vota\u00e7\u00e3o provocou diferentes rea\u00e7\u00f5es em milhares de pessoas que esperavam do lado de fora do Congresso, apesar da chuva.<\/p>\n<p>Milhares de simpatizantes pr\u00f3-vida comemoraram o resultado fora da sede parlamentar e tamb\u00e9m nas redes sociais. No Facebook, por exemplo, Pe. Leandro Bonnin transmitiu ao vivo uma ora\u00e7\u00e3o de a\u00e7\u00e3o de gra\u00e7as diante do Sant\u00edssimo Sacramento por este resultado em favor das duas vidas.<\/p>\n<p>Por sua parte, os grupos pr\u00f3-aborto fizeram fogueiras do lado de fora do Congresso para apaziguar o frio, mas depois de saberem o resultado, algumas dessas pessoas jogaram peda\u00e7os de madeira e papel\u00e3o da fogueira para protestar. Este incidente terminou com a chegada da pol\u00edcia.<\/p>\n<p>Nas redes sociais, a Anistia Internacional Argentina, que \u00e9 a favor do aborto, assinalou que os senadores &#8220;perderam uma oportunidade hist\u00f3rica de serem l\u00edderes dos direitos humanos&#8221; e anunciou que n\u00e3o descansar\u00e1 &#8220;at\u00e9 que seja aprovado o aborto legal&#8221;.<\/p>\n<div class=\"SandboxRoot env-bp-350\" data-twitter-event-id=\"3\">\n<div id=\"twitter-widget-3\" class=\"EmbeddedTweet EmbeddedTweet--edge EmbeddedTweet--mediaForward media-forward js-clickToOpenTarget js-tweetIdInfo tweet-InformationCircle-widgetParent\" lang=\"pt\" data-click-to-open-target=\"https:\/\/twitter.com\/amnistiaar\/status\/1027435283086811142\" data-iframe-title=\"Tweet do Twitter\" data-dt-full=\"%{hours24}: %{minutes} - %{day} %{month} %{year} \" data-dt-explicit-timestamp=\"03:03 - 9 de ago de 2018\" data-dt-months=\"jan|fev|mar|abr|maio|jun|jul|ago|set|out|nov|dez\" data-dt-am=\"AM\" data-dt-pm=\"PM\" data-dt-now=\"agora\" data-dt-s=\"s\" data-dt-m=\"m\" data-dt-h=\"h\" data-dt-second=\"segundo\" data-dt-seconds=\"segundos\" data-dt-minute=\"minuto\" data-dt-minutes=\"minutos\" data-dt-hour=\"hora\" data-dt-hours=\"horas\" data-dt-abbr=\"%{number}%{symbol}\" data-dt-short=\"%{day} %{month}\" data-dt-long=\"%{day} %{month} %{year}\" data-scribe=\"page:tweet\" data-tweet-id=\"1027435283086811142\" data-twitter-event-id=\"7\">\n<article class=\"MediaCard MediaCard--mediaForward customisable-border\" dir=\"ltr\" data-scribe=\"component:card\">\n<div class=\"MediaCard-media\">\n<p><span class=\"u-hiddenVisually\">Ver imagem no Twitter<\/span><\/p>\n<div class=\"MediaCard-widthConstraint js-cspForcedStyle\" data-style=\"max-width: 1200px\">\n<div class=\"MediaCard-mediaContainer js-cspForcedStyle\" data-style=\"padding-bottom: 66.6667%\"><a class=\"MediaCard-mediaAsset NaturalImage\" href=\"https:\/\/twitter.com\/amnistiaar\/status\/1027435283086811142\/photo\/1\" data-scribe=\"element:photo\"><img loading=\"lazy\" decoding=\"async\" class=\"NaturalImage-image aligncenter\" title=\"Ver imagem no Twitter\" src=\"https:\/\/pbs.twimg.com\/media\/DkIuvHXW0AATZ0F?format=jpg&amp;name=small\" alt=\"Ver imagem no Twitter\" width=\"668\" height=\"445\" data-image=\"https:\/\/pbs.twimg.com\/media\/DkIuvHXW0AATZ0F\"><\/a><\/div>\n<\/div>\n<\/div>\n<\/article>\n<div class=\"EmbeddedTweet-tweet\">\n<blockquote class=\"Tweet h-entry js-tweetIdInfo subject expanded\" cite=\"https:\/\/twitter.com\/amnistiaar\/status\/1027435283086811142\" data-tweet-id=\"1027435283086811142\" data-scribe=\"section:subject\">\n<div class=\"Tweet-header\">Depois do recha\u00e7o do projeto do aborto, o Poder Executivo enviar\u00e1 ao Senado, em 21 de agosto, o projeto de reforma do C\u00f3digo Penal, que incluiria entre seus mais de 500 artigos a proposta de que um juiz possa eximir de pena a mulher que pratique um aborto, e que tamb\u00e9m n\u00e3o seja pun\u00edvel em caso abuso sexual.<\/div>\n<\/blockquote>\n<\/div>\n<\/div>\n<\/div>\n<\/div>\n<\/blockquote>\n<\/div>\n<\/div>\n<\/div>\n<p>Foto:Senado da Argentina &#8211; Twitter Senado Argentina<\/p>\n<p>Fonte:ACI Digital<\/p>\n","protected":false},"excerpt":{"rendered":"<p>Nesta madrugada, em uma sess\u00e3o hist\u00f3rica que durou 16 horas, o Senado da Argentina rejeitou o projeto do&nbsp;aborto&nbsp;livre. Dos 72 senadores, 38 votaram contra a despenaliza\u00e7\u00e3o do aborto, 31 votaram a favor, dois se abstiveram e houve uma aus\u00eancia. O projeto de lei buscava permitir o aborto livre at\u00e9 a 14\u00aa semana de gravidez e&nbsp;<\/p>\n<p><a class=\"btn btn-style\" href=\"http:\/\/portalcatolico.net\/portal\/triunfo-da-vida-senado-rejeita-projeto-de-lei-do-aborto-na-argentina\/\">Continue Reading<\/a><\/p>\n","protected":false},"author":2,"featured_media":57621,"comment_status":"open","ping_status":"open","sticky":false,"template":"","format":"standard","meta":{"footnotes":""},"categories":[5],"tags":[],"class_list":["post-57620","post","type-post","status-publish","format-standard","has-post-thumbnail","hentry","category-igreja_no_mundo"],"_links":{"self":[{"href":"http:\/\/portalcatolico.net\/portal\/wp-json\/wp\/v2\/posts\/57620","targetHints":{"allow":["GET"]}}],"collection":[{"href":"http:\/\/portalcatolico.net\/portal\/wp-json\/wp\/v2\/posts"}],"about":[{"href":"http:\/\/portalcatolico.net\/portal\/wp-json\/wp\/v2\/types\/post"}],"author":[{"embeddable":true,"href":"http:\/\/portalcatolico.net\/portal\/wp-json\/wp\/v2\/users\/2"}],"replies":[{"embeddable":true,"href":"http:\/\/portalcatolico.net\/portal\/wp-json\/wp\/v2\/comments?post=57620"}],"version-history":[{"count":2,"href":"http:\/\/portalcatolico.net\/portal\/wp-json\/wp\/v2\/posts\/57620\/revisions"}],"predecessor-version":[{"id":57623,"href":"http:\/\/portalcatolico.net\/portal\/wp-json\/wp\/v2\/posts\/57620\/revisions\/57623"}],"wp:featuredmedia":[{"embeddable":true,"href":"http:\/\/portalcatolico.net\/portal\/wp-json\/wp\/v2\/media\/57621"}],"wp:attachment":[{"href":"http:\/\/portalcatolico.net\/portal\/wp-json\/wp\/v2\/media?parent=57620"}],"wp:term":[{"taxonomy":"category","embeddable":true,"href":"http:\/\/portalcatolico.net\/portal\/wp-json\/wp\/v2\/categories?post=57620"},{"taxonomy":"post_tag","embeddable":true,"href":"http:\/\/portalcatolico.net\/portal\/wp-json\/wp\/v2\/tags?post=57620"}],"curies":[{"name":"wp","href":"https:\/\/api.w.org\/{rel}","templated":true}]}}