{"id":57616,"date":"2018-08-10T00:39:42","date_gmt":"2018-08-10T03:39:42","guid":{"rendered":"http:\/\/portalcatolico.net\/portal\/?p=57616"},"modified":"2018-08-10T05:36:28","modified_gmt":"2018-08-10T08:36:28","slug":"comunidade-em-itabuna-prepara-missa-em-homenagem-a-irma-dulce","status":"publish","type":"post","link":"http:\/\/portalcatolico.net\/portal\/comunidade-em-itabuna-prepara-missa-em-homenagem-a-irma-dulce\/","title":{"rendered":"Comunidade em Itabuna prepara missa em homenagem a Irm\u00e3 Dulce"},"content":{"rendered":"<p style=\"font-weight: 400;\">A Comunidade Cat\u00f3lica Filhos de Israel realizar\u00e1 a Primeira Missa dedicada a Beata&nbsp;Dulce dos Pobres (Irm\u00e3 Dulce), com a Missa para os Enfermos, dia 12 de Agosto, \u00e0s 16&nbsp;horas, no Abrigo Baldo\u00edno, no Bairro de F\u00e1tima, em Itabuna (BA). O celebrante ser\u00e1 o Padre Ezequias Gon\u00e7alves Dos Santos.<\/p>\n<p style=\"font-weight: 400;\">Aproveitando tamb\u00e9m que \u00e9 o dia dedicado aos Pais, a Comunidade ir\u00e1 levar &nbsp;a&nbsp;alegria a estes irm\u00e3os que vivem no Abrigo, com inspira\u00e7\u00e3o na Beata Dulce dos Pobres, que deixou o ensinamento de amar os nossos irm\u00e3os!<\/p>\n<p style=\"font-weight: 400;\">&nbsp;A&nbsp; Funda\u00e7\u00e3o Baldo\u00edno&nbsp; Lopes&nbsp; de&nbsp; Azevedo,&nbsp; conhecido como Abrigo&nbsp; do&nbsp;&nbsp;Dr.&nbsp; Baldo\u00edno, mant\u00e9m&nbsp; mais&nbsp; de&nbsp; 80&nbsp; idosos. O Abrigo localiza-se&nbsp;na Rua Ribeir\u00e3o, 49 , Bairro de F\u00e1tima. Aproveita&nbsp; a oportunidade e conhe\u00e7a o trabalho volunt\u00e1rios destes&nbsp;irm\u00e3os, clicando neste link&nbsp; da FanPage da&nbsp;comunidade:<a href=\"https:\/\/www.facebook.com\/comfilhosdeisrael\">https:\/\/www.facebook.com\/comfilhosdeisrael<\/a>. Ou entre em contato&nbsp;com o abrigo pelo telefone: (73) 3215-3528.<\/p>\n<p>Texto:Portal Cat\u00f3lico.Net<\/p>\n","protected":false},"excerpt":{"rendered":"<p>A Comunidade Cat\u00f3lica Filhos de Israel realizar\u00e1 a Primeira Missa dedicada a Beata&nbsp;Dulce dos Pobres (Irm\u00e3 Dulce), com a Missa para os Enfermos, dia 12 de Agosto, \u00e0s 16&nbsp;horas, no Abrigo Baldo\u00edno, no Bairro de F\u00e1tima, em Itabuna (BA). O celebrante ser\u00e1 o Padre Ezequias Gon\u00e7alves Dos Santos. Aproveitando tamb\u00e9m que \u00e9 o dia dedicado&nbsp;<\/p>\n<p><a class=\"btn btn-style\" href=\"http:\/\/portalcatolico.net\/portal\/comunidade-em-itabuna-prepara-missa-em-homenagem-a-irma-dulce\/\">Continue Reading<\/a><\/p>\n","protected":false},"author":2,"featured_media":57617,"comment_status":"open","ping_status":"open","sticky":false,"template":"","format":"standard","meta":{"footnotes":""},"categories":[1],"tags":[],"class_list":["post-57616","post","type-post","status-publish","format-standard","has-post-thumbnail","hentry","category-agenda"],"_links":{"self":[{"href":"http:\/\/portalcatolico.net\/portal\/wp-json\/wp\/v2\/posts\/57616","targetHints":{"allow":["GET"]}}],"collection":[{"href":"http:\/\/portalcatolico.net\/portal\/wp-json\/wp\/v2\/posts"}],"about":[{"href":"http:\/\/portalcatolico.net\/portal\/wp-json\/wp\/v2\/types\/post"}],"author":[{"embeddable":true,"href":"http:\/\/portalcatolico.net\/portal\/wp-json\/wp\/v2\/users\/2"}],"replies":[{"embeddable":true,"href":"http:\/\/portalcatolico.net\/portal\/wp-json\/wp\/v2\/comments?post=57616"}],"version-history":[{"count":4,"href":"http:\/\/portalcatolico.net\/portal\/wp-json\/wp\/v2\/posts\/57616\/revisions"}],"predecessor-version":[{"id":57629,"href":"http:\/\/portalcatolico.net\/portal\/wp-json\/wp\/v2\/posts\/57616\/revisions\/57629"}],"wp:featuredmedia":[{"embeddable":true,"href":"http:\/\/portalcatolico.net\/portal\/wp-json\/wp\/v2\/media\/57617"}],"wp:attachment":[{"href":"http:\/\/portalcatolico.net\/portal\/wp-json\/wp\/v2\/media?parent=57616"}],"wp:term":[{"taxonomy":"category","embeddable":true,"href":"http:\/\/portalcatolico.net\/portal\/wp-json\/wp\/v2\/categories?post=57616"},{"taxonomy":"post_tag","embeddable":true,"href":"http:\/\/portalcatolico.net\/portal\/wp-json\/wp\/v2\/tags?post=57616"}],"curies":[{"name":"wp","href":"https:\/\/api.w.org\/{rel}","templated":true}]}}