{"id":57613,"date":"2018-08-08T19:37:07","date_gmt":"2018-08-08T22:37:07","guid":{"rendered":"http:\/\/portalcatolico.net\/portal\/?p=57613"},"modified":"2018-08-09T06:40:57","modified_gmt":"2018-08-09T09:40:57","slug":"missa-em-acao-de-gracas-e-realizada-em-homenagem-ao-dia-do-padre","status":"publish","type":"post","link":"http:\/\/portalcatolico.net\/portal\/missa-em-acao-de-gracas-e-realizada-em-homenagem-ao-dia-do-padre\/","title":{"rendered":"Missa em a\u00e7\u00e3o de Gra\u00e7as \u00e9 realizada em homenagem ao Dia do padre"},"content":{"rendered":"<p>Para festejar o Dia do Padre, na mem\u00f3ria de S\u00e3o Jo\u00e3o Maria Vianney,&nbsp;padroeiro dos sacerdotes, o bispo da Diocese de Itabuna, no sul da&nbsp;Bahia, Dom Carlos Alberto dos Santos, se reuniu aos presb\u00edteros e&nbsp;di\u00e1conos, nesta ter\u00e7a-feira, &nbsp;07 de agosto, \u00e0s 10h, na Capela do Semin\u00e1rio&nbsp;Proped\u00eautico, situada no bairro Vila Zara, em Itabuna (BA).<\/p>\n<p>Para essa celebra\u00e7\u00e3o, estiveram&nbsp;&nbsp;presentes os membros do clero da Diocese de Itabuna, que juntamente com&nbsp;o Dom Carlos, refletiram a beleza de suas voca\u00e7\u00f5es.<\/p>\n<p>Ser Padre \u00e9 aceitar e entregar-se a Jesus num grande desafio de ser seu&nbsp;representante perante os homens. Somente algu\u00e9m que tem Deus ao seu lado&nbsp;\u00e9 capaz de realizar tantos feitos como celebrar a Eucaristia, pregar o&nbsp;Evangelho, acolher os pecadores, orientar e acompanhar seus filhos como&nbsp;somente um pai pode fazer.<\/p>\n<p>Texto:Portal cat\u00f3lico.Net<\/p>\n<p>Foto:Di\u00e1cono \/Othon Dantas<\/p>\n","protected":false},"excerpt":{"rendered":"<p>Para festejar o Dia do Padre, na mem\u00f3ria de S\u00e3o Jo\u00e3o Maria Vianney,&nbsp;padroeiro dos sacerdotes, o bispo da Diocese de Itabuna, no sul da&nbsp;Bahia, Dom Carlos Alberto dos Santos, se reuniu aos presb\u00edteros e&nbsp;di\u00e1conos, nesta ter\u00e7a-feira, &nbsp;07 de agosto, \u00e0s 10h, na Capela do Semin\u00e1rio&nbsp;Proped\u00eautico, situada no bairro Vila Zara, em Itabuna (BA). Para essa&nbsp;<\/p>\n<p><a class=\"btn btn-style\" href=\"http:\/\/portalcatolico.net\/portal\/missa-em-acao-de-gracas-e-realizada-em-homenagem-ao-dia-do-padre\/\">Continue Reading<\/a><\/p>\n","protected":false},"author":2,"featured_media":57614,"comment_status":"open","ping_status":"open","sticky":false,"template":"","format":"standard","meta":{"footnotes":""},"categories":[2],"tags":[],"class_list":["post-57613","post","type-post","status-publish","format-standard","has-post-thumbnail","hentry","category-eventos"],"_links":{"self":[{"href":"http:\/\/portalcatolico.net\/portal\/wp-json\/wp\/v2\/posts\/57613","targetHints":{"allow":["GET"]}}],"collection":[{"href":"http:\/\/portalcatolico.net\/portal\/wp-json\/wp\/v2\/posts"}],"about":[{"href":"http:\/\/portalcatolico.net\/portal\/wp-json\/wp\/v2\/types\/post"}],"author":[{"embeddable":true,"href":"http:\/\/portalcatolico.net\/portal\/wp-json\/wp\/v2\/users\/2"}],"replies":[{"embeddable":true,"href":"http:\/\/portalcatolico.net\/portal\/wp-json\/wp\/v2\/comments?post=57613"}],"version-history":[{"count":1,"href":"http:\/\/portalcatolico.net\/portal\/wp-json\/wp\/v2\/posts\/57613\/revisions"}],"predecessor-version":[{"id":57615,"href":"http:\/\/portalcatolico.net\/portal\/wp-json\/wp\/v2\/posts\/57613\/revisions\/57615"}],"wp:featuredmedia":[{"embeddable":true,"href":"http:\/\/portalcatolico.net\/portal\/wp-json\/wp\/v2\/media\/57614"}],"wp:attachment":[{"href":"http:\/\/portalcatolico.net\/portal\/wp-json\/wp\/v2\/media?parent=57613"}],"wp:term":[{"taxonomy":"category","embeddable":true,"href":"http:\/\/portalcatolico.net\/portal\/wp-json\/wp\/v2\/categories?post=57613"},{"taxonomy":"post_tag","embeddable":true,"href":"http:\/\/portalcatolico.net\/portal\/wp-json\/wp\/v2\/tags?post=57613"}],"curies":[{"name":"wp","href":"https:\/\/api.w.org\/{rel}","templated":true}]}}