{"id":57610,"date":"2018-09-02T04:56:02","date_gmt":"2018-09-02T07:56:02","guid":{"rendered":"http:\/\/portalcatolico.net\/portal\/?p=57610"},"modified":"2018-09-02T05:58:58","modified_gmt":"2018-09-02T08:58:58","slug":"vem-ai-a-festa-de-nossa-senhora-da-piedade-em-itabuna","status":"publish","type":"post","link":"http:\/\/portalcatolico.net\/portal\/vem-ai-a-festa-de-nossa-senhora-da-piedade-em-itabuna\/","title":{"rendered":"Vem a\u00ed a Festa de Nossa Senhora da Piedade em Itabuna"},"content":{"rendered":"<div dir=\"auto\">Os Frades Servitanos convidam voc\u00ea e sua fam\u00edlia, amigos, Grupos de ora\u00e7\u00e3o, Movimentos e Pastorais para participar da Festa de Nossa Senhora da Piedade, situada no bairro Maria Pinheiro, que vai acontecer de 06 a 15 de setembro na Diocese e cidade de Itabuna (BA).<\/div>\n<div dir=\"auto\">&nbsp;<\/div>\n<div dir=\"auto\">Este ano, a Festa tem como tema: &#8221; <strong>MARIA O ROSTO CRIST\u00c3O DA IGREJA<\/strong>&#8220;.&nbsp;<\/div>\n<div dir=\"auto\">Todos os dias vai acontecer \u00e0s 18h30, a reza do Santo Ter\u00e7o e \u00e0s 19h, a Santa Missa. Logo ap\u00f3s, muita alegria, sem esquecer as barracas com comidas t\u00edpicas.<\/div>\n<div dir=\"auto\">&nbsp;<\/div>\n<div dir=\"auto\">Toda renda ser\u00e1 revestida nas despesas da festas pela coordena\u00e7\u00e3o da igreja matriz de Nossa Senhora da Piedade.<\/div>\n<div dir=\"auto\">&nbsp;<\/div>\n<div dir=\"auto\">No dia 06\/09 tem carreata pelas ruas do bairro anunciando o in\u00edcio dos preparativos.<\/div>\n<div dir=\"auto\">A par\u00f3quia tem como p\u00e1roco e respons\u00e1vel, o Pe. Frei Ivanilton Oliveira dos Santos, MsS, o Vig\u00e1rio Paroquial, o Pe. Frei Lucimar Jos\u00e9 da Silva, MsS, e o Pe. Frei Marconi Ramos da Silva, MsS.&#8221;Frades Servitanos.&#8221; Em breve, voc\u00ea confere aqui a programa\u00e7\u00e3o completa da festa.<\/div>\n<div dir=\"auto\">&nbsp;<\/div>\n<div dir=\"auto\">Participe!<\/div>\n<div dir=\"auto\">&nbsp;<\/div>\n<div dir=\"auto\">Foto:Acervo\/Portal Cat\u00f3lico.net&nbsp;<\/div>\n<div dir=\"auto\">Texto:Portalcatolico.net<\/div>\n","protected":false},"excerpt":{"rendered":"<p>Os Frades Servitanos convidam voc\u00ea e sua fam\u00edlia, amigos, Grupos de ora\u00e7\u00e3o, Movimentos e Pastorais para participar da Festa de Nossa Senhora da Piedade, situada no bairro Maria Pinheiro, que vai acontecer de 06 a 15 de setembro na Diocese e cidade de Itabuna (BA). &nbsp; Este ano, a Festa tem como tema: &#8221; MARIA&nbsp;<\/p>\n<p><a class=\"btn btn-style\" href=\"http:\/\/portalcatolico.net\/portal\/vem-ai-a-festa-de-nossa-senhora-da-piedade-em-itabuna\/\">Continue Reading<\/a><\/p>\n","protected":false},"author":2,"featured_media":57611,"comment_status":"open","ping_status":"open","sticky":false,"template":"","format":"standard","meta":{"footnotes":""},"categories":[1],"tags":[],"class_list":["post-57610","post","type-post","status-publish","format-standard","has-post-thumbnail","hentry","category-agenda"],"_links":{"self":[{"href":"http:\/\/portalcatolico.net\/portal\/wp-json\/wp\/v2\/posts\/57610","targetHints":{"allow":["GET"]}}],"collection":[{"href":"http:\/\/portalcatolico.net\/portal\/wp-json\/wp\/v2\/posts"}],"about":[{"href":"http:\/\/portalcatolico.net\/portal\/wp-json\/wp\/v2\/types\/post"}],"author":[{"embeddable":true,"href":"http:\/\/portalcatolico.net\/portal\/wp-json\/wp\/v2\/users\/2"}],"replies":[{"embeddable":true,"href":"http:\/\/portalcatolico.net\/portal\/wp-json\/wp\/v2\/comments?post=57610"}],"version-history":[{"count":5,"href":"http:\/\/portalcatolico.net\/portal\/wp-json\/wp\/v2\/posts\/57610\/revisions"}],"predecessor-version":[{"id":57929,"href":"http:\/\/portalcatolico.net\/portal\/wp-json\/wp\/v2\/posts\/57610\/revisions\/57929"}],"wp:featuredmedia":[{"embeddable":true,"href":"http:\/\/portalcatolico.net\/portal\/wp-json\/wp\/v2\/media\/57611"}],"wp:attachment":[{"href":"http:\/\/portalcatolico.net\/portal\/wp-json\/wp\/v2\/media?parent=57610"}],"wp:term":[{"taxonomy":"category","embeddable":true,"href":"http:\/\/portalcatolico.net\/portal\/wp-json\/wp\/v2\/categories?post=57610"},{"taxonomy":"post_tag","embeddable":true,"href":"http:\/\/portalcatolico.net\/portal\/wp-json\/wp\/v2\/tags?post=57610"}],"curies":[{"name":"wp","href":"https:\/\/api.w.org\/{rel}","templated":true}]}}