{"id":57603,"date":"2018-08-08T13:45:39","date_gmt":"2018-08-08T16:45:39","guid":{"rendered":"http:\/\/portalcatolico.net\/portal\/?p=57603"},"modified":"2018-08-08T20:08:57","modified_gmt":"2018-08-08T23:08:57","slug":"vem-ai-a-semana-nacional-da-familia","status":"publish","type":"post","link":"http:\/\/portalcatolico.net\/portal\/vem-ai-a-semana-nacional-da-familia\/","title":{"rendered":"Vem a\u00ed a Semana Nacional da Fam\u00edlia"},"content":{"rendered":"<div dir=\"auto\">A Diocese de Itabuna, no sul da Bahia, e a Pastoral Familiar Diocesana, dar\u00e1 in\u00edcio, na segunda-feira,13 de agosto, \u00e0 Semana Nacional da Fam\u00edlia, que este ano ser\u00e1 a n\u00edvel Diocese.&nbsp;<\/div>\n<div dir=\"auto\">A Semana ser\u00e1 celebrada em todo o Brssil, de 13 e 19 de agosto. O evento \u00e9 promovido pela Comiss\u00e3o Nacional da Pastoral Familiar (CNPF) e Comiss\u00e3o Episcopal Pastoral para a Vida e a Fam\u00edlia, da CNBB, que tem como tema &#8220;O Evangelho da Fam\u00edlia, alegria para o mundo&#8221;, mesmo tema do IX Encontro Mundial das Fam\u00edlias com o Papa Francisco, que acontece em Dublim, Irlanda, em agosto. A Semana acontecer\u00e1 na pra\u00e7a Camacan e na pra\u00e7a da c\u00e2mara de vereadores de Itabuna (BA). O objetivo do projeto \u00e9 convocar a todos os filhos da Igreja, toda a sociedade, homens ,mulheres, pais ,filhos ,a vivenciar momentos de reflex\u00f5es e espiritualidade acerca do papel da fam\u00edlia nos tempos atuais. Ser\u00e3o momentos celebrativos todas as noites.<\/div>\n<div dir=\"auto\" style=\"text-align: center;\">\n<h3><span style=\"color: #333333;\">Confira a programa\u00e7\u00e3o completa:&nbsp;<\/span><\/h3>\n<\/div>\n<div dir=\"auto\"><strong>13\/08-Segunda-feira<\/strong>&#8211; Pra\u00e7a Camacan das 19 \u00e0s 21h.&nbsp;<\/div>\n<div dir=\"auto\">\n<p>Tema:&#8221; FAMILIA E DESAFIOS ATUAIS&#8221; Respons\u00e1veis: as par\u00f3quias Santa Rita de C\u00e1ssia e Maria Madalena, movimentos ECC e Ter\u00e7o dos Homens.&nbsp;<\/p>\n<\/div>\n<div dir=\"auto\"><strong>14\/08-Ter\u00e7a-feira<\/strong> &#8211; Pra\u00e7a Camacan das 19 \u00e0s 21h.&nbsp;<\/div>\n<div dir=\"auto\">\n<p>Tema: &#8220;FAMILIA E DESAFIOS ATUAIS&#8221; Respons\u00e1veis: as par\u00f3quias: Senhor do Bomfim, Santo Ant\u00f4nio, Legi\u00e3o de Maria, Apostolado da Ora\u00e7\u00e3o, M\u00e3e Rainha e Equipe de Nossa Senhora.&nbsp;<\/p>\n<\/div>\n<div dir=\"auto\"><strong>Dia 15\/08-Quarta-feira<\/strong>&#8211; Pra\u00e7a Camacan das 19 \u00e0s 21h.&nbsp;<\/div>\n<div dir=\"auto\">Tema: &#8220;A VOCA\u00c7\u00c3O DA FAMILIA \u00c1 SOCIEDADE&#8221;&nbsp;<\/div>\n<div dir=\"auto\">\n<p>Respons\u00e1veis: as par\u00f3quias Santa Maria Goretti, S\u00e3o Judas Tadeus, Movimento RCC e Catequese.&nbsp;<\/p>\n<\/div>\n<div dir=\"auto\"><strong>Dia 16\/08-Quinta-feira<\/strong>&#8211; Pra\u00e7a Camacan das 19 \u00e0s 21h&nbsp;<\/div>\n<div dir=\"auto\">Tema: &#8221; A VIV\u00caNCIA DO AMOR NO MATRIMONIO E NA FAMILIA&#8221;&nbsp;<\/div>\n<div dir=\"auto\">\n<p>Respons\u00e1veis: as par\u00f3quias Nossa Senhora de F\u00e1tima, Nossa Senhora Aparecida, Movimento dos Vicentinos e Pastoral da Crian\u00e7a.&nbsp;<\/p>\n<\/div>\n<div dir=\"auto\"><strong>Dia 17\/08- Sexta-feir<\/strong>a- Pra\u00e7a Camacan das 19 \u00e0s 21h.&nbsp;<\/div>\n<div dir=\"auto\">Tema: &#8220;ANUNCIAR HOJE O EVAGELHO NA FAMILIA&#8221;&nbsp;<\/div>\n<div dir=\"auto\">\n<p>Respons\u00e1veis: as par\u00f3quias Santa In\u00eas, Nossa Senhora da Piedade, Catedral S\u00e3o Jos\u00e9, Movimento dos Cursilhos, MECE e o Grupo MEFA.&nbsp;<\/p>\n<\/div>\n<div dir=\"auto\">\n<p><strong>Dia 18\/08-S\u00e1bado<\/strong>&#8211; Pra\u00e7a da C\u00e2mara de Vereadores \u00e0s 20h: SHOW COM FREI GILSON E BANDA obs: ser\u00e1 aberto ao p\u00fablico Respons\u00e1veis: Comiss\u00e3o diocesana da Pastoral Familiar&nbsp;<\/p>\n<\/div>\n<div dir=\"auto\"><strong>Dia 19\/08-Domingo<\/strong>&#8211; Pra\u00e7a da C\u00e2mara de Vereadores : Santa Missa das 15 \u00e0s 18h. Tema: &#8220;ESPIRITUALIDADE E ORA\u00c7\u00c3O NA FAMILIA E NA SOCIEDADE&#8221;&nbsp;<\/div>\n<div dir=\"auto\">Respons\u00e1veis: Par\u00f3quia Nossa Senhora da Concei\u00e7\u00e3o, par\u00f3quia Nossa Senhora das Vit\u00f3rias, grupos de jovens, Escaladas, EJC, Comunidade Rainha da Paz.&nbsp;<\/div>\n<div dir=\"auto\">Texto:Portal Cat\u00f3lico.Net\/Informa\u00e7\u00f5es:Diocese de Itabuna<\/div>\n","protected":false},"excerpt":{"rendered":"<p>A Diocese de Itabuna, no sul da Bahia, e a Pastoral Familiar Diocesana, dar\u00e1 in\u00edcio, na segunda-feira,13 de agosto, \u00e0 Semana Nacional da Fam\u00edlia, que este ano ser\u00e1 a n\u00edvel Diocese.&nbsp; A Semana ser\u00e1 celebrada em todo o Brssil, de 13 e 19 de agosto. O evento \u00e9 promovido pela Comiss\u00e3o Nacional da Pastoral Familiar&nbsp;<\/p>\n<p><a class=\"btn btn-style\" href=\"http:\/\/portalcatolico.net\/portal\/vem-ai-a-semana-nacional-da-familia\/\">Continue Reading<\/a><\/p>\n","protected":false},"author":2,"featured_media":57608,"comment_status":"open","ping_status":"open","sticky":false,"template":"","format":"standard","meta":{"footnotes":""},"categories":[1],"tags":[],"class_list":["post-57603","post","type-post","status-publish","format-standard","has-post-thumbnail","hentry","category-agenda"],"_links":{"self":[{"href":"http:\/\/portalcatolico.net\/portal\/wp-json\/wp\/v2\/posts\/57603","targetHints":{"allow":["GET"]}}],"collection":[{"href":"http:\/\/portalcatolico.net\/portal\/wp-json\/wp\/v2\/posts"}],"about":[{"href":"http:\/\/portalcatolico.net\/portal\/wp-json\/wp\/v2\/types\/post"}],"author":[{"embeddable":true,"href":"http:\/\/portalcatolico.net\/portal\/wp-json\/wp\/v2\/users\/2"}],"replies":[{"embeddable":true,"href":"http:\/\/portalcatolico.net\/portal\/wp-json\/wp\/v2\/comments?post=57603"}],"version-history":[{"count":4,"href":"http:\/\/portalcatolico.net\/portal\/wp-json\/wp\/v2\/posts\/57603\/revisions"}],"predecessor-version":[{"id":57609,"href":"http:\/\/portalcatolico.net\/portal\/wp-json\/wp\/v2\/posts\/57603\/revisions\/57609"}],"wp:featuredmedia":[{"embeddable":true,"href":"http:\/\/portalcatolico.net\/portal\/wp-json\/wp\/v2\/media\/57608"}],"wp:attachment":[{"href":"http:\/\/portalcatolico.net\/portal\/wp-json\/wp\/v2\/media?parent=57603"}],"wp:term":[{"taxonomy":"category","embeddable":true,"href":"http:\/\/portalcatolico.net\/portal\/wp-json\/wp\/v2\/categories?post=57603"},{"taxonomy":"post_tag","embeddable":true,"href":"http:\/\/portalcatolico.net\/portal\/wp-json\/wp\/v2\/tags?post=57603"}],"curies":[{"name":"wp","href":"https:\/\/api.w.org\/{rel}","templated":true}]}}