{"id":57598,"date":"2018-08-08T13:37:28","date_gmt":"2018-08-08T16:37:28","guid":{"rendered":"http:\/\/portalcatolico.net\/portal\/?p=57598"},"modified":"2018-08-08T13:38:33","modified_gmt":"2018-08-08T16:38:33","slug":"documento-assinado-por-mais-de-140-padres-fortalece-a-luta-contra-o-aborto","status":"publish","type":"post","link":"http:\/\/portalcatolico.net\/portal\/documento-assinado-por-mais-de-140-padres-fortalece-a-luta-contra-o-aborto\/","title":{"rendered":"Documento assinado por mais de 140 padres fortalece a luta contra o aborto"},"content":{"rendered":"<div dir=\"auto\">Com o objetivo de reafirmar o valor intr\u00ednseco e inalien\u00e1vel da vida humana desde sua concep\u00e7\u00e3o, mais de 140 padres, em comunh\u00e3o com os valores e doutrinas da Igreja Cat\u00f3lica Apost\u00f3lica Romana, assinam a Carta de Recife &#8211; Sacerdotes em Defesa da Vida. A carta apoia os pronunciamentos de arcebispos e bispos diocesanos (em especial, o Arcebispo de Olinda e Recife, Dom Fernando Saburido, e o Bispo de Limoeiro do Norte, Dom Andr\u00e9 Vital), e \u00e9 assinada por sacerdotes de v\u00e1rios estados do Brasil e de pa\u00edses como Canad\u00e1, Paraguai, It\u00e1lia, Uruguai e Espanha. Indignados com a tentativa de descriminaliza\u00e7\u00e3o do aborto, atrav\u00e9s de A\u00e7\u00e3o de Descumprimento de Preceito Fundamental ADPF442, a Carta exp\u00f5e dados estat\u00edsticos que comprovam as fal\u00e1cias transformadas em argumentos comumente repetidos em debates jur\u00eddicos. O documento tamb\u00e9m denuncia a amea\u00e7a constante aos valores da civiliza\u00e7\u00e3o crist\u00e3 ocidental, atacados pela agenda internacional do controle de natalidade, a fim de favorecer grupos que visam \u00e0 subtra\u00e7\u00e3o das nossas riquezas minerais, intelectuais, morais etc.&nbsp;<\/div>\n<div dir=\"auto\">Para maiores esclarecimentos sobre este documento, entre em contato pelos telefones: (81) 99711-7069 ou (81) 99272-4293.Clique no link e confira&gt;&gt;&gt;.&nbsp;<a href=\"http:\/\/portalcatolico.net\/portal\/wp-content\/uploads\/2018\/08\/Carta-de-Recife_145-signatarios_07-agosto-1-1.pdf\">Carta de Recife_145 signatarios_07 agosto (1) (1)<\/a><\/div>\n<div dir=\"auto\">Foto:Divulga\u00e7\u00e3o<\/div>\n","protected":false},"excerpt":{"rendered":"<p>Com o objetivo de reafirmar o valor intr\u00ednseco e inalien\u00e1vel da vida humana desde sua concep\u00e7\u00e3o, mais de 140 padres, em comunh\u00e3o com os valores e doutrinas da Igreja Cat\u00f3lica Apost\u00f3lica Romana, assinam a Carta de Recife &#8211; Sacerdotes em Defesa da Vida. A carta apoia os pronunciamentos de arcebispos e bispos diocesanos (em especial,&nbsp;<\/p>\n<p><a class=\"btn btn-style\" href=\"http:\/\/portalcatolico.net\/portal\/documento-assinado-por-mais-de-140-padres-fortalece-a-luta-contra-o-aborto\/\">Continue Reading<\/a><\/p>\n","protected":false},"author":2,"featured_media":57600,"comment_status":"open","ping_status":"open","sticky":false,"template":"","format":"standard","meta":{"footnotes":""},"categories":[69],"tags":[],"class_list":["post-57598","post","type-post","status-publish","format-standard","has-post-thumbnail","hentry","category-artigos"],"_links":{"self":[{"href":"http:\/\/portalcatolico.net\/portal\/wp-json\/wp\/v2\/posts\/57598","targetHints":{"allow":["GET"]}}],"collection":[{"href":"http:\/\/portalcatolico.net\/portal\/wp-json\/wp\/v2\/posts"}],"about":[{"href":"http:\/\/portalcatolico.net\/portal\/wp-json\/wp\/v2\/types\/post"}],"author":[{"embeddable":true,"href":"http:\/\/portalcatolico.net\/portal\/wp-json\/wp\/v2\/users\/2"}],"replies":[{"embeddable":true,"href":"http:\/\/portalcatolico.net\/portal\/wp-json\/wp\/v2\/comments?post=57598"}],"version-history":[{"count":2,"href":"http:\/\/portalcatolico.net\/portal\/wp-json\/wp\/v2\/posts\/57598\/revisions"}],"predecessor-version":[{"id":57602,"href":"http:\/\/portalcatolico.net\/portal\/wp-json\/wp\/v2\/posts\/57598\/revisions\/57602"}],"wp:featuredmedia":[{"embeddable":true,"href":"http:\/\/portalcatolico.net\/portal\/wp-json\/wp\/v2\/media\/57600"}],"wp:attachment":[{"href":"http:\/\/portalcatolico.net\/portal\/wp-json\/wp\/v2\/media?parent=57598"}],"wp:term":[{"taxonomy":"category","embeddable":true,"href":"http:\/\/portalcatolico.net\/portal\/wp-json\/wp\/v2\/categories?post=57598"},{"taxonomy":"post_tag","embeddable":true,"href":"http:\/\/portalcatolico.net\/portal\/wp-json\/wp\/v2\/tags?post=57598"}],"curies":[{"name":"wp","href":"https:\/\/api.w.org\/{rel}","templated":true}]}}