{"id":57592,"date":"2018-08-07T20:38:57","date_gmt":"2018-08-07T23:38:57","guid":{"rendered":"http:\/\/portalcatolico.net\/portal\/?p=57592"},"modified":"2018-08-07T20:39:24","modified_gmt":"2018-08-07T23:39:24","slug":"festa-em-honra-a-nossa-senhora-das-vitorias","status":"publish","type":"post","link":"http:\/\/portalcatolico.net\/portal\/festa-em-honra-a-nossa-senhora-das-vitorias\/","title":{"rendered":"Festa em honra \u00e1 Nossa Senhora das Vit\u00f3rias"},"content":{"rendered":"<div dir=\"auto\">A Festa em honra a padroeira de Ilh\u00e9us,&nbsp; Nossa Senhora das Vit\u00f3rias, no litoral sul baiano, iniciou na \u00faltima segunda-feira, 6 de Agosto, os preparativos que seguem at\u00e9 o dia 15, com a grande festa da santa, que tem como tema central: &#8220;Crist\u00e3o leigos e leigas: sujeitos na Igreja em sa\u00edda, a servi\u00e7o do Reino, Sal da Terra e luz do mundo.(NT.5,13-14).<\/div>\n<div dir=\"auto\">\n<p>Confira como ser\u00e1 a programa\u00e7\u00e3o do Dia festivo, 15 de agosto:<\/p>\n<\/div>\n<div dir=\"auto\">05h- Alvorada festiva<\/div>\n<div dir=\"auto\">07h- Ora\u00e7\u00e3o do of\u00edcio de Nossa Senhora e consagra\u00e7\u00e3o&nbsp;<\/div>\n<div dir=\"auto\">8h30- Chegadas das comunidades<\/div>\n<div dir=\"auto\">09h- Ensaio dos c\u00e2nticos&nbsp;<\/div>\n<div dir=\"auto\">9h30- Missa Solene<\/div>\n<div dir=\"auto\">11h- Prociss\u00e3o &#8211; b\u00ean\u00e7\u00e3o do Sant\u00edssimo Sacramento e Agradecimento<\/div>\n<div dir=\"auto\">\n<p>13h-Almo\u00e7o<\/p>\n<\/div>\n<div dir=\"auto\">A par\u00f3quia Nossa Senhora das Vit\u00f3rias tem como p\u00e1roco, o Pe. Jos\u00e9 Nilton Barbosa Lapa. Lembrando que, ap\u00f3s a missa, estar\u00e3o \u00e0 venda, comidas t\u00edpicas. Comprando-as voc\u00ea ajuda na manuten\u00e7\u00e3o da igreja.&nbsp;<\/div>\n<div dir=\"auto\">No domingo, dia dos pais, haver\u00e1 uma programa\u00e7\u00e3o especial, durante todo o dia: missa \u00e0s 7h; meio-dia, almo\u00e7o com os pais. A partir das 14h,&nbsp; bingo em prol da par\u00f3quia, com in\u00fameros pr\u00eamios custando R$10 a cartela. Pr\u00eamios: bicicleta, fog\u00e3o, tanquinho, ventilador e ferro el\u00e9trico. Por fim, \u00e0 noite, acontece a novena.&nbsp; Participe!<\/div>\n<div dir=\"auto\" style=\"text-align: center;\">Confira a programa\u00e7\u00e3o:<\/div>\n<div dir=\"auto\"><img loading=\"lazy\" decoding=\"async\" class=\"wp-image-57594 aligncenter\" src=\"http:\/\/portalcatolico.net\/portal\/wp-content\/uploads\/2018\/08\/37890570_680916575589016_7187662039400054784_n-300x208.jpg\" alt=\"\" width=\"749\" height=\"519\" srcset=\"http:\/\/portalcatolico.net\/portal\/wp-content\/uploads\/2018\/08\/37890570_680916575589016_7187662039400054784_n-300x208.jpg 300w, http:\/\/portalcatolico.net\/portal\/wp-content\/uploads\/2018\/08\/37890570_680916575589016_7187662039400054784_n-768x533.jpg 768w, http:\/\/portalcatolico.net\/portal\/wp-content\/uploads\/2018\/08\/37890570_680916575589016_7187662039400054784_n.jpg 960w\" sizes=\"auto, (max-width: 749px) 100vw, 749px\" \/><\/div>\n<div dir=\"auto\"><img loading=\"lazy\" decoding=\"async\" class=\"wp-image-57593 aligncenter\" src=\"http:\/\/portalcatolico.net\/portal\/wp-content\/uploads\/2018\/08\/37887258_680916562255684_3994045437517496320_n-300x215.jpg\" alt=\"\" width=\"735\" height=\"527\" srcset=\"http:\/\/portalcatolico.net\/portal\/wp-content\/uploads\/2018\/08\/37887258_680916562255684_3994045437517496320_n-300x215.jpg 300w, http:\/\/portalcatolico.net\/portal\/wp-content\/uploads\/2018\/08\/37887258_680916562255684_3994045437517496320_n-768x550.jpg 768w, http:\/\/portalcatolico.net\/portal\/wp-content\/uploads\/2018\/08\/37887258_680916562255684_3994045437517496320_n.jpg 960w\" sizes=\"auto, (max-width: 735px) 100vw, 735px\" \/><\/div>\n<div dir=\"auto\">Foto:Reprodu\u00e7\u00e3o\/Facebook<\/div>\n","protected":false},"excerpt":{"rendered":"<p>A Festa em honra a padroeira de Ilh\u00e9us,&nbsp; Nossa Senhora das Vit\u00f3rias, no litoral sul baiano, iniciou na \u00faltima segunda-feira, 6 de Agosto, os preparativos que seguem at\u00e9 o dia 15, com a grande festa da santa, que tem como tema central: &#8220;Crist\u00e3o leigos e leigas: sujeitos na Igreja em sa\u00edda, a servi\u00e7o do Reino,&nbsp;<\/p>\n<p><a class=\"btn btn-style\" href=\"http:\/\/portalcatolico.net\/portal\/festa-em-honra-a-nossa-senhora-das-vitorias\/\">Continue Reading<\/a><\/p>\n","protected":false},"author":2,"featured_media":57595,"comment_status":"open","ping_status":"open","sticky":false,"template":"","format":"standard","meta":{"footnotes":""},"categories":[1],"tags":[],"class_list":["post-57592","post","type-post","status-publish","format-standard","has-post-thumbnail","hentry","category-agenda"],"_links":{"self":[{"href":"http:\/\/portalcatolico.net\/portal\/wp-json\/wp\/v2\/posts\/57592","targetHints":{"allow":["GET"]}}],"collection":[{"href":"http:\/\/portalcatolico.net\/portal\/wp-json\/wp\/v2\/posts"}],"about":[{"href":"http:\/\/portalcatolico.net\/portal\/wp-json\/wp\/v2\/types\/post"}],"author":[{"embeddable":true,"href":"http:\/\/portalcatolico.net\/portal\/wp-json\/wp\/v2\/users\/2"}],"replies":[{"embeddable":true,"href":"http:\/\/portalcatolico.net\/portal\/wp-json\/wp\/v2\/comments?post=57592"}],"version-history":[{"count":2,"href":"http:\/\/portalcatolico.net\/portal\/wp-json\/wp\/v2\/posts\/57592\/revisions"}],"predecessor-version":[{"id":57597,"href":"http:\/\/portalcatolico.net\/portal\/wp-json\/wp\/v2\/posts\/57592\/revisions\/57597"}],"wp:featuredmedia":[{"embeddable":true,"href":"http:\/\/portalcatolico.net\/portal\/wp-json\/wp\/v2\/media\/57595"}],"wp:attachment":[{"href":"http:\/\/portalcatolico.net\/portal\/wp-json\/wp\/v2\/media?parent=57592"}],"wp:term":[{"taxonomy":"category","embeddable":true,"href":"http:\/\/portalcatolico.net\/portal\/wp-json\/wp\/v2\/categories?post=57592"},{"taxonomy":"post_tag","embeddable":true,"href":"http:\/\/portalcatolico.net\/portal\/wp-json\/wp\/v2\/tags?post=57592"}],"curies":[{"name":"wp","href":"https:\/\/api.w.org\/{rel}","templated":true}]}}