{"id":57583,"date":"2018-08-07T00:26:53","date_gmt":"2018-08-07T03:26:53","guid":{"rendered":"http:\/\/portalcatolico.net\/portal\/?p=57583"},"modified":"2018-08-06T20:27:17","modified_gmt":"2018-08-06T23:27:17","slug":"ja-comecaram-preparativos-para-festa-de-nosso-senhora-aparecida-em-itabuna","status":"publish","type":"post","link":"http:\/\/portalcatolico.net\/portal\/ja-comecaram-preparativos-para-festa-de-nosso-senhora-aparecida-em-itabuna\/","title":{"rendered":"J\u00e1 come\u00e7aram preparativos para Festa de Nosso Senhora Aparecida em Itabuna"},"content":{"rendered":"<div dir=\"auto\">A Festa em Louvor a Nossa Senhora Aparecida, padroeira do bairro Calif\u00f3rnia em Itabuna, no sul da Bahia, ter in\u00edcio no dia 03 de outubro at\u00e9 o dia 12. O tema central dos preparativos para a Festa de Nosso Senhora Aparecida, ser\u00e1: &#8220;M\u00e3e Aparecida ensina-nos a viver nossa miss\u00e3o de crist\u00e3os leigos e leigas na Igreja e na sociedade&#8221;.&nbsp;<\/div>\n<div dir=\"auto\">A Par\u00f3quia Nossa Senhora Aparecida da Concei\u00e7\u00e3o, respons\u00e1vel pela realiza\u00e7\u00e3o da festa, j\u00e1 iniciou os preparativos para divulga\u00e7\u00e3o da programa\u00e7\u00e3o oficial, que encerra com uma grande prociss\u00e3o com a Imagem da Santa pelas ruas do bairro.<\/div>\n<div dir=\"auto\">Durante os 10 dias de programa\u00e7\u00e3o alusiva a Nossa Senhora da Concei\u00e7\u00e3o, atividades religiosas movimentar\u00e3o v\u00e1rios bairros da cidade, atraindo visitantes e devotos da santa at\u00e9 de outras cidades circunvizinhas.&nbsp;<\/div>\n<div dir=\"auto\">A par\u00f3quia tem como padre respons\u00e1ve, o Padre Ezequias Goncalves.<\/div>\n<div dir=\"auto\">Em breve, ser\u00e1 divulgada a program\u00e3o completa da festa .Aguarde!<\/div>\n<div dir=\"auto\">Texto e foto:Portal Cat\u00f3lico.Net<\/div>\n","protected":false},"excerpt":{"rendered":"<p>A Festa em Louvor a Nossa Senhora Aparecida, padroeira do bairro Calif\u00f3rnia em Itabuna, no sul da Bahia, ter in\u00edcio no dia 03 de outubro at\u00e9 o dia 12. O tema central dos preparativos para a Festa de Nosso Senhora Aparecida, ser\u00e1: &#8220;M\u00e3e Aparecida ensina-nos a viver nossa miss\u00e3o de crist\u00e3os leigos e leigas na&nbsp;<\/p>\n<p><a class=\"btn btn-style\" href=\"http:\/\/portalcatolico.net\/portal\/ja-comecaram-preparativos-para-festa-de-nosso-senhora-aparecida-em-itabuna\/\">Continue Reading<\/a><\/p>\n","protected":false},"author":2,"featured_media":57584,"comment_status":"open","ping_status":"open","sticky":false,"template":"","format":"standard","meta":{"footnotes":""},"categories":[1],"tags":[],"class_list":["post-57583","post","type-post","status-publish","format-standard","has-post-thumbnail","hentry","category-agenda"],"_links":{"self":[{"href":"http:\/\/portalcatolico.net\/portal\/wp-json\/wp\/v2\/posts\/57583","targetHints":{"allow":["GET"]}}],"collection":[{"href":"http:\/\/portalcatolico.net\/portal\/wp-json\/wp\/v2\/posts"}],"about":[{"href":"http:\/\/portalcatolico.net\/portal\/wp-json\/wp\/v2\/types\/post"}],"author":[{"embeddable":true,"href":"http:\/\/portalcatolico.net\/portal\/wp-json\/wp\/v2\/users\/2"}],"replies":[{"embeddable":true,"href":"http:\/\/portalcatolico.net\/portal\/wp-json\/wp\/v2\/comments?post=57583"}],"version-history":[{"count":1,"href":"http:\/\/portalcatolico.net\/portal\/wp-json\/wp\/v2\/posts\/57583\/revisions"}],"predecessor-version":[{"id":57585,"href":"http:\/\/portalcatolico.net\/portal\/wp-json\/wp\/v2\/posts\/57583\/revisions\/57585"}],"wp:featuredmedia":[{"embeddable":true,"href":"http:\/\/portalcatolico.net\/portal\/wp-json\/wp\/v2\/media\/57584"}],"wp:attachment":[{"href":"http:\/\/portalcatolico.net\/portal\/wp-json\/wp\/v2\/media?parent=57583"}],"wp:term":[{"taxonomy":"category","embeddable":true,"href":"http:\/\/portalcatolico.net\/portal\/wp-json\/wp\/v2\/categories?post=57583"},{"taxonomy":"post_tag","embeddable":true,"href":"http:\/\/portalcatolico.net\/portal\/wp-json\/wp\/v2\/tags?post=57583"}],"curies":[{"name":"wp","href":"https:\/\/api.w.org\/{rel}","templated":true}]}}