{"id":57579,"date":"2018-08-06T19:49:54","date_gmt":"2018-08-06T22:49:54","guid":{"rendered":"http:\/\/portalcatolico.net\/portal\/?p=57579"},"modified":"2018-08-06T20:06:54","modified_gmt":"2018-08-06T23:06:54","slug":"padre-adriano-fernandes-reflete-sobre-vocacao-e-conta-um-pouco-de-sua-trajetoria","status":"publish","type":"post","link":"http:\/\/portalcatolico.net\/portal\/padre-adriano-fernandes-reflete-sobre-vocacao-e-conta-um-pouco-de-sua-trajetoria\/","title":{"rendered":"Padre Adriano Fernandes reflete sobre voca\u00e7\u00e3o e conta um pouco de sua trajet\u00f3ria"},"content":{"rendered":"<p style=\"font-weight: 400;\">No m\u00eas de agosto \u00e9 comemorado o Dia do Padre e o per\u00edodo \u00e9 destinado&nbsp;pela Igreja Cat\u00f3lica a uma reflex\u00e3o mais aprofundada sobre quest\u00e3o&nbsp;vocacional. O padre Adriano Fernandes , Reitor no Semin\u00e1rio&nbsp;&nbsp;Proped\u00eautico da Diocese de Itabuna e p\u00e1roco da&nbsp;Par\u00f3quia Nossa Senhora da Concei\u00e7\u00e3o, concedeu&nbsp;uma&nbsp;entrevista a este Portal e afirmou que jovens n\u00e3o devem&nbsp;ter medo de seguir Jesus com sua voca\u00e7\u00e3o religioso (a)&nbsp;(seja padre, di\u00e1cono, freira) ou consagrada, entre outras. Pois, o chamado \u00e9 de&nbsp;Deus.<\/p>\n<p style=\"font-weight: 400;\">Al\u00e9m disso, o padre falou como foi o seu chamado sacerdotal. Confira!<\/p>\n<p style=\"font-weight: 400;\"><strong>Portal Cat\u00f3lico: Como nasceu a sua voca\u00e7\u00e3o sacerdotal?<\/strong><\/p>\n<p style=\"font-weight: 400;\">Padre Adriano: A minha voca\u00e7\u00e3o come\u00e7a desde muito cedo. Ingressei cedo na Catequese, onde fui desenvolvendo a minha integra\u00e7\u00e3o na comunidade e isso foi me ajudando a perceber o chamado de Deus na vida, na minha adolesc\u00eancia, que comecei, a discernir e decidir a responder este desejo de Deus para minha vida. Ent\u00e3o, mais ou menos, aos meus 12 anos, eu j\u00e1 tinha isso como meta: ser padre, apesar dos desafios, apesar de todos os empecilhos que vinham, sobretudo os preconceitos por parte de amigos, de familiares&#8230;mas eu enfrentou isso para ser fiel ao chamado que Deus me fez.<\/p>\n<p style=\"font-weight: 400;\"><strong>Portal Cat\u00f3lico: Ser padre \u00e9 a melhor profiss\u00e3o do mundo?<\/strong><\/p>\n<p style=\"font-weight: 400;\">Padre Adriano: N\u00e3o diria a profiss\u00e3o porque profiss\u00e3o visa um servi\u00e7o em prol de interesses ou tem que ter respaldo em quest\u00e3o de dinheiro. Mas, diria que \u00e9 a voca\u00e7\u00e3o, pois n\u00f3s respondemos ao chamado de Deus justamente para servir, se trata de uma ren\u00fancia de n\u00f3s mesmos para se colocar a servi\u00e7o do povo de Deus.<\/p>\n<p style=\"font-weight: 400;\"><strong>Portal Cat\u00f3lico: A educa\u00e7\u00e3o recebida pelos seus pais ajudou a abra\u00e7ar a voca\u00e7\u00e3o sacerdotal?<\/strong><\/p>\n<p style=\"font-weight: 400;\">Padre Adriano: Eu venho de uma fam\u00edlia cat\u00f3lica mas a minha fam\u00edlia ensina que \u00e9 comprometida com a Igreja, mas no entanto, toda educa\u00e7\u00e3o que eu recebi em base familiar, sim, contribuiu pra que eu chegasse a responder o meu chamado com fidelidade.<\/p>\n<p style=\"font-weight: 400;\"><strong>Portal Cat\u00f3lico: Quais os elementos que favorecem o desenvolvimento vocacional?<\/strong><\/p>\n<p style=\"font-weight: 400;\">Padre Adriano: N\u00f3s precisamos primeiro ter consci\u00eancia daquilo que somos e claro, nos identificarmos a Jesus. \u00c0 medida que a gente vai conhecendo Jesus e a sua Igreja, a gente consegue fazer um discernimento mais sincero, mais aut\u00eantico, mais firme. Ent\u00e3o, precisamos sobretudo, estarmos engajados nas nossas igrejas, nas nossas comunidades, porque o discernimento, ele vai acontecendo na medida que a gente tem uma vida comunit\u00e1ria, porque&nbsp;&nbsp;a partir do servi\u00e7o na comunidade, que vai nascendo, brotando o desejo de servirmos com espec\u00edficas particularidades a voca\u00e7\u00e3o que o Senhor nos chama. \u00c9 dentro da comunidade que a gente vai percebendo o chamado espec\u00edfico. \u00c9 dentro da comunidade que vamos percebendo os carismas que devem ser desenvolvidos dentro de n\u00f3s.<\/p>\n<p style=\"font-weight: 400;\"><strong>Portal Cat\u00f3lico: Tem jovem que tem medo do chamado de Deus. Deixe uma mensagem para esses jovens.<\/strong><\/p>\n<p style=\"font-weight: 400;\">Padre Adriano: O medo \u00e9 algo comum, isto acompanhou todos os profetas, todos os ap\u00f3stolos, acompanhou todos os que seguiram a Jesus. No entanto, n\u00e3o pode deixar que se tome pelo medo. Devemos ter a coragem, o incentivo de respondermos a nossa voca\u00e7\u00e3o. Claro que o desafio \u00e9 grande e \u00e9 isso que provoca o medo. S\u00e3o os desafios, s\u00e3o os preconceitos, s\u00e3o as medidas que a sociedade imp\u00f5e. Isso tudo inibe o jovem diante da resposta, do chamado. Mas, \u00e9 ter certeza de que o Senhor que nos chamou, Ele nos d\u00e1 capacidades para respondermos, nos d\u00e1 for\u00e7a e nos mostra sempre presente para que a gente possa responder com fidelidade o seu chamado. \u00c9 preciso que a gente caminhe com Deus. Quando a gente caminha com Deus, a gente consegue responder mais firmemente o nosso chamado.<\/p>\n<p style=\"font-weight: 400;\"><strong>Portal Cat\u00f3lico: Em que ano o senhor entrou para o Semin\u00e1rio e foi ordenado?<\/strong><\/p>\n<p style=\"font-weight: 400;\">Padre Adriano: Eu ingressei no Semin\u00e1rio em 2007 e em 2012 estava indo para o Rio de Janeiro para concluir os meus estudos de Teologia. Em dezembro de 2013 fui ordenado di\u00e1cono e em 15 de novembro de 2014 fui ordenado sacerdote.<\/p>\n<p>Reportagem: Valdeni Elias<\/p>\n<p>Foto: Arguivo\/Portal Cat\u00f3lico.Net<\/p>\n<p>Edi\u00e7\u00e3o de texto: Anara Passos (Jornalista DRT 7574)<\/p>\n<p>&nbsp;<\/p>\n","protected":false},"excerpt":{"rendered":"<p>No m\u00eas de agosto \u00e9 comemorado o Dia do Padre e o per\u00edodo \u00e9 destinado&nbsp;pela Igreja Cat\u00f3lica a uma reflex\u00e3o mais aprofundada sobre quest\u00e3o&nbsp;vocacional. O padre Adriano Fernandes , Reitor no Semin\u00e1rio&nbsp;&nbsp;Proped\u00eautico da Diocese de Itabuna e p\u00e1roco da&nbsp;Par\u00f3quia Nossa Senhora da Concei\u00e7\u00e3o, concedeu&nbsp;uma&nbsp;entrevista a este Portal e afirmou que jovens n\u00e3o devem&nbsp;ter medo de&nbsp;<\/p>\n<p><a class=\"btn btn-style\" href=\"http:\/\/portalcatolico.net\/portal\/padre-adriano-fernandes-reflete-sobre-vocacao-e-conta-um-pouco-de-sua-trajetoria\/\">Continue Reading<\/a><\/p>\n","protected":false},"author":2,"featured_media":57581,"comment_status":"open","ping_status":"open","sticky":false,"template":"","format":"standard","meta":{"footnotes":""},"categories":[65],"tags":[],"class_list":["post-57579","post","type-post","status-publish","format-standard","has-post-thumbnail","hentry","category-entrevistas"],"_links":{"self":[{"href":"http:\/\/portalcatolico.net\/portal\/wp-json\/wp\/v2\/posts\/57579","targetHints":{"allow":["GET"]}}],"collection":[{"href":"http:\/\/portalcatolico.net\/portal\/wp-json\/wp\/v2\/posts"}],"about":[{"href":"http:\/\/portalcatolico.net\/portal\/wp-json\/wp\/v2\/types\/post"}],"author":[{"embeddable":true,"href":"http:\/\/portalcatolico.net\/portal\/wp-json\/wp\/v2\/users\/2"}],"replies":[{"embeddable":true,"href":"http:\/\/portalcatolico.net\/portal\/wp-json\/wp\/v2\/comments?post=57579"}],"version-history":[{"count":2,"href":"http:\/\/portalcatolico.net\/portal\/wp-json\/wp\/v2\/posts\/57579\/revisions"}],"predecessor-version":[{"id":57582,"href":"http:\/\/portalcatolico.net\/portal\/wp-json\/wp\/v2\/posts\/57579\/revisions\/57582"}],"wp:featuredmedia":[{"embeddable":true,"href":"http:\/\/portalcatolico.net\/portal\/wp-json\/wp\/v2\/media\/57581"}],"wp:attachment":[{"href":"http:\/\/portalcatolico.net\/portal\/wp-json\/wp\/v2\/media?parent=57579"}],"wp:term":[{"taxonomy":"category","embeddable":true,"href":"http:\/\/portalcatolico.net\/portal\/wp-json\/wp\/v2\/categories?post=57579"},{"taxonomy":"post_tag","embeddable":true,"href":"http:\/\/portalcatolico.net\/portal\/wp-json\/wp\/v2\/tags?post=57579"}],"curies":[{"name":"wp","href":"https:\/\/api.w.org\/{rel}","templated":true}]}}