{"id":57575,"date":"2018-08-06T18:25:26","date_gmt":"2018-08-06T21:25:26","guid":{"rendered":"http:\/\/portalcatolico.net\/portal\/?p=57575"},"modified":"2018-08-06T18:26:26","modified_gmt":"2018-08-06T21:26:26","slug":"primeiro-encontro-de-formacao-para-pascom-e-realizado-em-itabuna","status":"publish","type":"post","link":"http:\/\/portalcatolico.net\/portal\/primeiro-encontro-de-formacao-para-pascom-e-realizado-em-itabuna\/","title":{"rendered":"Primeiro Encontro de Forma\u00e7\u00e3o para Pascom \u00e9 realizado em Itabuna"},"content":{"rendered":"<div dir=\"auto\">Em sintonia com as diretrizes do <strong>DIRET\u00d3RIO DE COMUNICA\u00c7\u00c3O DA IGREJA NO BRASIL<\/strong> e tendo como linha norteadora o sentido de que a Pastoral da Comunica\u00e7\u00e3o&nbsp;\u00e9 um elemento articulador da vida e das rela\u00e7\u00f5es comunit\u00e1rias, foi realizado na tarde deste s\u00e1bado (04), na Par\u00f3quia Nossa Senhora da Concei\u00e7\u00e3o, situada no bairro da Concei\u00e7\u00e3o, em Itabuna (BA), o primeiro o&nbsp;<strong>ENCONTRO DE FORMA\u00c7\u00c3O PARA A PASCOM<\/strong> \u2013 Pastoral da Comunica\u00e7\u00e3o, em fase de estrutura\u00e7\u00e3o na Par\u00f3quia, que tem como padre respons\u00e1vel pela par\u00f3quia o Pe. Adriano Fernandes e reitor do Semin\u00e1rio Proped\u00eautico na cidade e Diocese de Itabuna (BA).&nbsp;<\/div>\n<div dir=\"auto\">Durante o per\u00edodo de forma\u00e7\u00e3o, a turma p\u00f4de conhecer e tirar alguma duvidas sobre o documento 99 da CNBB. &#8220;O Verbo encarnado, em sua comunica\u00e7\u00e3o, manifesta a grandeza, a profundidade e a beleza do amor de Deus \u00e0 humanidade&#8221;, ressalta o Diret\u00f3rio da Comunica\u00e7\u00e3o da Igreja do Brasil. &#8220;Vivemos na era da informa\u00e7\u00e3o, da internet, e a Igreja deve estar atenta a esses meios de comunica\u00e7\u00e3o que atingem tantas pessoas. Se usados corretamente, podem ser uma valiosa ferramenta de propaga\u00e7\u00e3o da mensagem do evangelho de Jesus&#8221;, disse o Jornalista, Te\u00f3logo e membro da Pastoral da Comunica\u00e7\u00e3o da Diocese de Itabuna e na par\u00f3quia Nossa Senhora de Fatima em Itabuna, Tiago Souza. Ele frisou ainda que &#8220;a Pastoral da Comunica\u00e7\u00e3o n\u00e3o deve ser entendida de forma isolada, apenas como um servi\u00e7o que se ocupa de produzir material fotogr\u00e1fico, de transmiss\u00e3o de informa\u00e7\u00f5es ,not\u00edcias e v\u00eddeos, \u00e9 incentivado por ser um lugar de testemunho e an\u00fancio do evangelho&#8221;.&nbsp;<\/div>\n<div dir=\"auto\">Segundo um dos membros, o grupo j\u00e1 est\u00e1 composto por 15 agentes, alguns j\u00e1 s\u00e3o graduado na \u00e1rea de Jornalismo.&nbsp;<\/div>\n<div dir=\"auto\">Ao final do m\u00eas de julho, a primeira par\u00f3quia a receber a forma\u00e7\u00e3o foi a par\u00f3quia Senhor do Bonfim, situada no bairro Jardim Primavera, em Itabuna.<\/div>\n<div dir=\"auto\">Foto:Pastoral da Comunica\u00e7\u00e3o\/Par\u00f3quia Nossa Senhora da Concei\u00e7\u00e3o<\/div>\n<div dir=\"auto\">Texto:Portal Cat\u00f3lico.Net<\/div>\n","protected":false},"excerpt":{"rendered":"<p>Em sintonia com as diretrizes do DIRET\u00d3RIO DE COMUNICA\u00c7\u00c3O DA IGREJA NO BRASIL e tendo como linha norteadora o sentido de que a Pastoral da Comunica\u00e7\u00e3o&nbsp;\u00e9 um elemento articulador da vida e das rela\u00e7\u00f5es comunit\u00e1rias, foi realizado na tarde deste s\u00e1bado (04), na Par\u00f3quia Nossa Senhora da Concei\u00e7\u00e3o, situada no bairro da Concei\u00e7\u00e3o, em Itabuna&nbsp;<\/p>\n<p><a class=\"btn btn-style\" href=\"http:\/\/portalcatolico.net\/portal\/primeiro-encontro-de-formacao-para-pascom-e-realizado-em-itabuna\/\">Continue Reading<\/a><\/p>\n","protected":false},"author":2,"featured_media":57576,"comment_status":"open","ping_status":"open","sticky":false,"template":"","format":"standard","meta":{"footnotes":""},"categories":[5],"tags":[],"class_list":["post-57575","post","type-post","status-publish","format-standard","has-post-thumbnail","hentry","category-igreja_no_mundo"],"_links":{"self":[{"href":"http:\/\/portalcatolico.net\/portal\/wp-json\/wp\/v2\/posts\/57575","targetHints":{"allow":["GET"]}}],"collection":[{"href":"http:\/\/portalcatolico.net\/portal\/wp-json\/wp\/v2\/posts"}],"about":[{"href":"http:\/\/portalcatolico.net\/portal\/wp-json\/wp\/v2\/types\/post"}],"author":[{"embeddable":true,"href":"http:\/\/portalcatolico.net\/portal\/wp-json\/wp\/v2\/users\/2"}],"replies":[{"embeddable":true,"href":"http:\/\/portalcatolico.net\/portal\/wp-json\/wp\/v2\/comments?post=57575"}],"version-history":[{"count":2,"href":"http:\/\/portalcatolico.net\/portal\/wp-json\/wp\/v2\/posts\/57575\/revisions"}],"predecessor-version":[{"id":57578,"href":"http:\/\/portalcatolico.net\/portal\/wp-json\/wp\/v2\/posts\/57575\/revisions\/57578"}],"wp:featuredmedia":[{"embeddable":true,"href":"http:\/\/portalcatolico.net\/portal\/wp-json\/wp\/v2\/media\/57576"}],"wp:attachment":[{"href":"http:\/\/portalcatolico.net\/portal\/wp-json\/wp\/v2\/media?parent=57575"}],"wp:term":[{"taxonomy":"category","embeddable":true,"href":"http:\/\/portalcatolico.net\/portal\/wp-json\/wp\/v2\/categories?post=57575"},{"taxonomy":"post_tag","embeddable":true,"href":"http:\/\/portalcatolico.net\/portal\/wp-json\/wp\/v2\/tags?post=57575"}],"curies":[{"name":"wp","href":"https:\/\/api.w.org\/{rel}","templated":true}]}}