{"id":57570,"date":"2018-08-06T11:58:03","date_gmt":"2018-08-06T14:58:03","guid":{"rendered":"http:\/\/portalcatolico.net\/portal\/?p=57570"},"modified":"2018-08-06T11:58:03","modified_gmt":"2018-08-06T14:58:03","slug":"1-anuncio-vocacional-e-realizado-em-itabuna","status":"publish","type":"post","link":"http:\/\/portalcatolico.net\/portal\/1-anuncio-vocacional-e-realizado-em-itabuna\/","title":{"rendered":"1\u00b0 An\u00fancio Vocacional \u00e9 realizado em Itabuna"},"content":{"rendered":"<p style=\"font-weight: 400;\">A Igreja Cat\u00f3lica por todo o&nbsp; Brasil est\u00e1 celebrando no m\u00eas de agosto, o m\u00eas&nbsp; das voca\u00e7\u00f5es. Neste domingo (05) foi celebrada a&nbsp;voca\u00e7\u00e3o sacerdotal.<br \/>\nNa&nbsp;Diocese de Itabuna, no sul da Bahia, ocorreu nesse domingo, no Col\u00e9gio AFI, no centro da cidade, o An\u00fancio Vocacional, com o&nbsp;prop\u00f3sito de apresentar as propostas de Jesus Cristo a centenas de jovens&nbsp;de v\u00e1rias par\u00f3quias e comunidades.<\/p>\n<p style=\"font-weight: 400;\">Cada jovem p\u00f4de&nbsp;tirar&nbsp;suas d\u00favidas com os membros das voca\u00e7\u00f5es como: sacerdotal&nbsp;matrimonial,&nbsp; vida religiosa&nbsp; ou consagrada.<\/p>\n<p style=\"font-weight: 400;\">O An\u00fancio Vocacional iniciou com a&nbsp; acolhida&nbsp; e&nbsp;inscri\u00e7\u00f5es dos jovens participantes&nbsp; do encontro.<br \/>\nO Pe. Adriano Fernandes&nbsp; (Reitor do Semin\u00e1rio Proped\u00eautico na Diocese e&nbsp; P\u00e1roco na&nbsp;Par\u00f3quia Nossa Senhora da Concei\u00e7\u00e3o, respons\u00e1vel pelo Servi\u00e7o de&nbsp;Anima\u00e7\u00e3o Vocacional na Diocese),&nbsp; foi um dos palestrantes, o Pe. Frei Ivanilton Oliveira (p\u00e1roco da Par\u00f3quia Nossa Senhora da Piedade de Itabuna) al\u00e9m dos casais da&nbsp;Pastoral&nbsp; Familiar da Par\u00f3quia Santa Rita de C\u00e1ssia, Rosa e Rog\u00e9rio; e&nbsp;&nbsp;da Pastoral da Catequese, Danilo e Esposa&nbsp; (Par\u00f3quia Nossa Senhora das&nbsp;Vit\u00f3rias da cidade de&nbsp; Santa Cruz da Vit\u00f3ria).<br \/>\nAs Congrega\u00e7\u00f5es e comunidades com Stands Vocacional foram: MEFA ,&nbsp;Agostinianas, Irm\u00e3s Franciscanas Marianas Mission\u00e1rias&nbsp;&nbsp;(Canavieiras), Vicente Pallotti (Camacan e Mascote), Irm\u00e3s Franciscanas&nbsp;Hospitaleiras da Imaculada Concei\u00e7\u00e3o, Irm\u00e3s Franciscanas Terci\u00e1rias&nbsp;Regulares, Comunidade Filhos de Israel, Comunidade das Irm\u00e3s dos pobres de Santa&nbsp;Catarina de Sena, Irm\u00e3s Salvina Petrilli, entre outras. Alguns dos participantes afirmaram que&nbsp;j\u00e1 escolheram suas voca\u00e7\u00f5es.<\/p>\n<p style=\"font-weight: 400;\">O evento finalizou com&nbsp; a santa missa presidida pelo bispo Diocesano da Diocese de Itabuna, Dom Carlos Alberto dos Santos, e concelebrada pelo&nbsp;Di\u00e1cono&nbsp; Trajano Oswaldo, pelo Pe. Edvan Sena (par\u00f3quia S\u00e3o Jo\u00e3o Batista do&nbsp;distrito de S\u00e3o Jo\u00e3o do Para\u00edso (Mascote), e pelo Pe. Manoel Cardoso&nbsp;(par\u00f3quia S\u00e3o Sebasti\u00e3o de Camacan), pelo&nbsp;reitor do Semin\u00e1rio Proped\u00eautico&nbsp;&nbsp;e p\u00e1roco da par\u00f3quia Nossa Senhora da Concei\u00e7\u00e3o, o Pe. Adriano Fernandes,&nbsp;al\u00e9m dos seminaristas.<\/p>\n<p style=\"font-weight: 400;\">Na oportunidade, Padre Adriano Fernandes ressaltou o objetivo do Encontro que \u00e9 &#8220;entendermos o nosso espa\u00e7o, a nossa voca\u00e7\u00e3o, o chamado que Deus no faz dentro da Igreja, nos diversos servi\u00e7os dentro da Igreja, seja ele de ordem espec\u00edfica, as voca\u00e7\u00f5es espec\u00edficas (no caso, os ministros, ordenados, padres, di\u00e1conos, mas tamb\u00e9m, os religiosas, religiosas, consagrados e consagradas, fieis leigos nos in\u00fameros minist\u00e9rios que temos dentro da Igreja&#8230; \u00e9 um Encontro que nos ajuda no discernimento da nossa voca\u00e7\u00e3o dentro da Igreja, desde a nossa voca\u00e7\u00e3o \u00e0 vida, at\u00e9 a nossa voca\u00e7\u00e3o espec\u00edfica&#8221;.<\/p>\n<p style=\"font-weight: 400;\">Na homilia, Dom Carlos disse: &#8220;Estamos aqui hoje neste An\u00fancio para que voc\u00eas, jovens, possa dar uma resposta a Jesus. Uma resposta consciente, segura, madura e inteligente&#8221;.<\/p>\n<p style=\"font-weight: 400;\">Cerca de 110 jovens das dioceses de&nbsp; Itabuna ,Ilh\u00e9us e de v\u00e1rias cidades circunvizinhas participaram do 1\u00b0 An\u00fancio&nbsp;Vocacional, segundo os organizadores. Nesse encontro,&nbsp;os jovens&nbsp; conheceram&nbsp; melhor as diversas formas que Deus chama para&nbsp; servir no seu Projeto de Salva\u00e7\u00e3o e de servir o irm\u00e3o atrav\u00e9s da voca\u00e7\u00e3o&nbsp;espec\u00edfica com palestras, partilha vocacional ,missa e stands das&nbsp;comunidades e congrega\u00e7\u00f5es da Diocese de Itabuna.<\/p>\n<p>Texto e fotos:Portal Cat\u00f3lico.Net<\/p>\n<p>Galeria de fotos.<a href=\"https:\/\/www.facebook.com\/portalcatolicooficial\"><span style=\"color: #ff0000;\">Clique aqui<\/span><\/a><\/p>\n<p style=\"font-weight: 400;\">&nbsp;<\/p>\n","protected":false},"excerpt":{"rendered":"<p>A Igreja Cat\u00f3lica por todo o&nbsp; Brasil est\u00e1 celebrando no m\u00eas de agosto, o m\u00eas&nbsp; das voca\u00e7\u00f5es. Neste domingo (05) foi celebrada a&nbsp;voca\u00e7\u00e3o sacerdotal. Na&nbsp;Diocese de Itabuna, no sul da Bahia, ocorreu nesse domingo, no Col\u00e9gio AFI, no centro da cidade, o An\u00fancio Vocacional, com o&nbsp;prop\u00f3sito de apresentar as propostas de Jesus Cristo a centenas&nbsp;<\/p>\n<p><a class=\"btn btn-style\" href=\"http:\/\/portalcatolico.net\/portal\/1-anuncio-vocacional-e-realizado-em-itabuna\/\">Continue Reading<\/a><\/p>\n","protected":false},"author":2,"featured_media":57571,"comment_status":"open","ping_status":"open","sticky":false,"template":"","format":"standard","meta":{"footnotes":""},"categories":[65],"tags":[],"class_list":["post-57570","post","type-post","status-publish","format-standard","has-post-thumbnail","hentry","category-entrevistas"],"_links":{"self":[{"href":"http:\/\/portalcatolico.net\/portal\/wp-json\/wp\/v2\/posts\/57570","targetHints":{"allow":["GET"]}}],"collection":[{"href":"http:\/\/portalcatolico.net\/portal\/wp-json\/wp\/v2\/posts"}],"about":[{"href":"http:\/\/portalcatolico.net\/portal\/wp-json\/wp\/v2\/types\/post"}],"author":[{"embeddable":true,"href":"http:\/\/portalcatolico.net\/portal\/wp-json\/wp\/v2\/users\/2"}],"replies":[{"embeddable":true,"href":"http:\/\/portalcatolico.net\/portal\/wp-json\/wp\/v2\/comments?post=57570"}],"version-history":[{"count":1,"href":"http:\/\/portalcatolico.net\/portal\/wp-json\/wp\/v2\/posts\/57570\/revisions"}],"predecessor-version":[{"id":57572,"href":"http:\/\/portalcatolico.net\/portal\/wp-json\/wp\/v2\/posts\/57570\/revisions\/57572"}],"wp:featuredmedia":[{"embeddable":true,"href":"http:\/\/portalcatolico.net\/portal\/wp-json\/wp\/v2\/media\/57571"}],"wp:attachment":[{"href":"http:\/\/portalcatolico.net\/portal\/wp-json\/wp\/v2\/media?parent=57570"}],"wp:term":[{"taxonomy":"category","embeddable":true,"href":"http:\/\/portalcatolico.net\/portal\/wp-json\/wp\/v2\/categories?post=57570"},{"taxonomy":"post_tag","embeddable":true,"href":"http:\/\/portalcatolico.net\/portal\/wp-json\/wp\/v2\/tags?post=57570"}],"curies":[{"name":"wp","href":"https:\/\/api.w.org\/{rel}","templated":true}]}}