{"id":57566,"date":"2018-08-06T08:09:21","date_gmt":"2018-08-06T11:09:21","guid":{"rendered":"http:\/\/portalcatolico.net\/portal\/?p=57566"},"modified":"2018-08-07T13:43:21","modified_gmt":"2018-08-07T16:43:21","slug":"vii-encontro-de-jovens-com-cristo-acontece-em-itabuna","status":"publish","type":"post","link":"http:\/\/portalcatolico.net\/portal\/vii-encontro-de-jovens-com-cristo-acontece-em-itabuna\/","title":{"rendered":"VII Encontro de Jovens com Cristo acontece em Itabuna"},"content":{"rendered":"<p style=\"font-weight: 400;\">Foi realizado nos dias 04 e 05 de agosto o VII Encontro de Jovens com&nbsp;Cristo &#8220;EJC&#8221; da par\u00f3quia Santa Rita C\u00e1ssia e com ele, cerca de 58&nbsp;fam\u00edlias foram evangelizadas. O tema do evento foi: &#8220;Jovem,n\u00e3o temais! Tende \u00e2nimo e vereis a liberta\u00e7\u00e3o&#8221;.(Ex.14:13)<\/p>\n<p style=\"font-weight: 400;\">Os jovens das par\u00f3quias Santa Maria Goretti e Senhor do Bonfim tamb\u00e9m estiveram presentes, no evento que foi realizado nas depend\u00eancias&nbsp;da igreja matriz de Santa Rita de C\u00e1ssia e que proporcionou aos jovens momentos de ora\u00e7\u00e3o, confraterniza\u00e7\u00e3o, m\u00fasica, e&nbsp;&nbsp;&nbsp;adora\u00e7\u00e3o ao Sant\u00edssimo Sacramento.<br \/>\nO Encontro de Jovens com Cristo \u00e9 um movimento a servi\u00e7o da Igreja&nbsp;Cat\u00f3lica Apost\u00f3lica Romana que tem como proposta anunciar e experimentar&nbsp; a beleza e a fecundidade do Evangelho de Jesus Cristo, atrav\u00e9s de&nbsp;partilhas, forma\u00e7\u00f5es e ora\u00e7\u00e3o, para que os jovens amadure\u00e7am como bons&nbsp;crist\u00e3os e honestos cidad\u00e3os.<img loading=\"lazy\" decoding=\"async\" class=\"wp-image-57568 aligncenter\" src=\"http:\/\/portalcatolico.net\/portal\/wp-content\/uploads\/2018\/08\/38461427_930597033809586_4168854957266567168_n-300x225.jpg\" alt=\"\" width=\"739\" height=\"554\" srcset=\"http:\/\/portalcatolico.net\/portal\/wp-content\/uploads\/2018\/08\/38461427_930597033809586_4168854957266567168_n-300x225.jpg 300w, http:\/\/portalcatolico.net\/portal\/wp-content\/uploads\/2018\/08\/38461427_930597033809586_4168854957266567168_n-768x576.jpg 768w, http:\/\/portalcatolico.net\/portal\/wp-content\/uploads\/2018\/08\/38461427_930597033809586_4168854957266567168_n.jpg 960w\" sizes=\"auto, (max-width: 739px) 100vw, 739px\" \/><br \/>\nCaracter\u00edsticas do EJC: Ora\u00e7\u00e3o, Humildade, Simplicidade, Alegria.<br \/>\nA ora\u00e7\u00e3o fortalece a nossa f\u00e9 e \u00e9 o divisor de \u00e1guas na vida de todos&nbsp;n\u00f3s, dando-nos dire\u00e7\u00e3o e firmando valores crist\u00e3os. A ora\u00e7\u00e3o deve estar&nbsp;presente sempre, antes, durante e depois do encontro.<br \/>\nO servi\u00e7o, juntamente com a doa\u00e7\u00e3o desinteressada, s\u00e3o fundamentos&nbsp;b\u00e1sicos do ensinamento de Jesus. Nosso sim para servir ao nosso Senhor&nbsp;Jesus.<\/p>\n<p style=\"font-weight: 400;\">O encontro teve o apoio da pastoral familiar e a realiza\u00e7\u00e3o \u00e9 do&nbsp;EJC-Encontro de Jovens com Cristo da par\u00f3quia&nbsp; Santa Rita de C\u00e1ssia,&nbsp;Diocese de Itabuna-Bahia.<br \/>\nO encontro encerrou neste domingo, \u00e0s 19h, com santa missa e foi&nbsp;presidida pelo Pe. O Frei Alberto.&nbsp; No final da celebra\u00e7\u00e3o, o Coordenador&nbsp;do FUFRA, Tiago Silva e o Frei Alberto, convidaram os jovens para conhecer e&nbsp;fazer parte do grupo de jovens da par\u00f3quia. A equipe Portal Cat\u00f3lico&nbsp;parabeniza a todos os organizadores pelo bel\u00edssimo Encontro de Jovens.<\/p>\n<p>Texto e fotos:Portal Cat\u00f3lico.Net<\/p>\n<p><iframe loading=\"lazy\"  id=\"_ytid_16777\"  width=\"480\" height=\"270\"  data-origwidth=\"480\" data-origheight=\"270\" src=\"https:\/\/www.youtube.com\/embed\/SSHt3JsTLY0?enablejsapi=1&#038;autoplay=0&#038;cc_load_policy=0&#038;cc_lang_pref=&#038;iv_load_policy=1&#038;loop=0&#038;rel=1&#038;fs=1&#038;playsinline=0&#038;autohide=2&#038;theme=dark&#038;color=red&#038;controls=1&#038;disablekb=0&#038;\" class=\"__youtube_prefs__  epyt-is-override  no-lazyload\" title=\"YouTube player\"  allow=\"fullscreen; accelerometer; autoplay; clipboard-write; encrypted-media; gyroscope; picture-in-picture; web-share\" referrerpolicy=\"strict-origin-when-cross-origin\" allowfullscreen data-no-lazy=\"1\" data-skipgform_ajax_framebjll=\"\"><\/iframe><\/p>\n<p style=\"font-weight: 400;\">&nbsp;<\/p>\n","protected":false},"excerpt":{"rendered":"<p>Foi realizado nos dias 04 e 05 de agosto o VII Encontro de Jovens com&nbsp;Cristo &#8220;EJC&#8221; da par\u00f3quia Santa Rita C\u00e1ssia e com ele, cerca de 58&nbsp;fam\u00edlias foram evangelizadas. O tema do evento foi: &#8220;Jovem,n\u00e3o temais! Tende \u00e2nimo e vereis a liberta\u00e7\u00e3o&#8221;.(Ex.14:13) Os jovens das par\u00f3quias Santa Maria Goretti e Senhor do Bonfim tamb\u00e9m estiveram&nbsp;<\/p>\n<p><a class=\"btn btn-style\" href=\"http:\/\/portalcatolico.net\/portal\/vii-encontro-de-jovens-com-cristo-acontece-em-itabuna\/\">Continue Reading<\/a><\/p>\n","protected":false},"author":2,"featured_media":57567,"comment_status":"open","ping_status":"open","sticky":false,"template":"","format":"standard","meta":{"footnotes":""},"categories":[2],"tags":[],"class_list":["post-57566","post","type-post","status-publish","format-standard","has-post-thumbnail","hentry","category-eventos"],"_links":{"self":[{"href":"http:\/\/portalcatolico.net\/portal\/wp-json\/wp\/v2\/posts\/57566","targetHints":{"allow":["GET"]}}],"collection":[{"href":"http:\/\/portalcatolico.net\/portal\/wp-json\/wp\/v2\/posts"}],"about":[{"href":"http:\/\/portalcatolico.net\/portal\/wp-json\/wp\/v2\/types\/post"}],"author":[{"embeddable":true,"href":"http:\/\/portalcatolico.net\/portal\/wp-json\/wp\/v2\/users\/2"}],"replies":[{"embeddable":true,"href":"http:\/\/portalcatolico.net\/portal\/wp-json\/wp\/v2\/comments?post=57566"}],"version-history":[{"count":5,"href":"http:\/\/portalcatolico.net\/portal\/wp-json\/wp\/v2\/posts\/57566\/revisions"}],"predecessor-version":[{"id":57588,"href":"http:\/\/portalcatolico.net\/portal\/wp-json\/wp\/v2\/posts\/57566\/revisions\/57588"}],"wp:featuredmedia":[{"embeddable":true,"href":"http:\/\/portalcatolico.net\/portal\/wp-json\/wp\/v2\/media\/57567"}],"wp:attachment":[{"href":"http:\/\/portalcatolico.net\/portal\/wp-json\/wp\/v2\/media?parent=57566"}],"wp:term":[{"taxonomy":"category","embeddable":true,"href":"http:\/\/portalcatolico.net\/portal\/wp-json\/wp\/v2\/categories?post=57566"},{"taxonomy":"post_tag","embeddable":true,"href":"http:\/\/portalcatolico.net\/portal\/wp-json\/wp\/v2\/tags?post=57566"}],"curies":[{"name":"wp","href":"https:\/\/api.w.org\/{rel}","templated":true}]}}