{"id":57560,"date":"2018-08-04T18:41:58","date_gmt":"2018-08-04T21:41:58","guid":{"rendered":"http:\/\/portalcatolico.net\/portal\/?p=57560"},"modified":"2018-08-04T18:46:04","modified_gmt":"2018-08-04T21:46:04","slug":"nos-dias-30-de-junho-e-primeiro-de-julho-aconteceu-no-centro-de-evangelizacao-joao-paulo-ii-sede-da-comunidade-catolica-palavra-viva-e-tambem-predio-da-escola-de-evangelizacao-um-encontro-vocaciona","status":"publish","type":"post","link":"http:\/\/portalcatolico.net\/portal\/nos-dias-30-de-junho-e-primeiro-de-julho-aconteceu-no-centro-de-evangelizacao-joao-paulo-ii-sede-da-comunidade-catolica-palavra-viva-e-tambem-predio-da-escola-de-evangelizacao-um-encontro-vocaciona\/","title":{"rendered":"Dom Ceslau \u00e9 homenageado em Bom Jesus da Lapa"},"content":{"rendered":"<p style=\"font-weight: 400;\">O Noven\u00e1rio do Senhor Bom Jesus da Lapa, no Oeste da Bahia, teve in\u00edcio&nbsp;no \u00faltimo&nbsp;s\u00e1bado, 28 de julho, e segue at\u00e9 o dia 05 de agosto, v\u00e9spera da festa do&nbsp;padroeiro de Bom Jesus da Lapa e&nbsp; do Santu\u00e1rio de pedra e luz, que est\u00e1 completando 327 anos e atrai&nbsp;peregrinos de todo o Brasil e do exterior.<\/p>\n<p style=\"font-weight: 400;\">&nbsp;Sendo realizada h\u00e1 mais de tr\u00eas s\u00e9culos, a 327\u00aa Romaria do Bom&nbsp;Jesus, \u00e9 reconhecida como a terceira mais movimentada&nbsp;romaria do Brasil. O munic\u00edpio acolhe a cada ano aproximadamente 1,8&nbsp;milh\u00f5es de peregrinos vindos de v\u00e1rias partes do pa\u00eds, como Paran\u00e1, S\u00e3o&nbsp;Paulo, Minas Gerais, Goi\u00e1s, Sergipe, Esp\u00edrito Santo, entre outras.<\/p>\n<p style=\"font-weight: 400;\">Bom Jesus da Lapa fica h\u00e1 aproximadamente 800 km de Salvador e \u00e9&nbsp;&nbsp;considerada como a Capital Baiana da F\u00e9. Este ano,&nbsp;&nbsp;Romaria tem como&nbsp; tema&nbsp;&#8220;Como disc\u00edpulos do Bom Jesus, crist\u00e3os leigos e leigas, mission\u00e1rios&nbsp;comprometidos com a igreja em sa\u00edda&#8221;.<\/p>\n<p style=\"font-weight: 400;\">A Romaria est\u00e1&nbsp;homenageando os mission\u00e1rios&nbsp; redentoristas que contribu\u00edram&nbsp; com&nbsp; os&nbsp;ensinamentos b\u00edblicos e de&nbsp; evangeliza\u00e7\u00e3o na Diocese de Bom Jesus da&nbsp;Lapa. Um dos homenageados foi o Bispo Em\u00e9rito da Diocese de Itabuna (BA), Dom Ceslau Stanula, que foi um dos primeiros Mission\u00e1rios Redentoristas a&nbsp;Trabalhar no Santu\u00e1rio do Bom Jesus da Lapa.<\/p>\n<p style=\"font-weight: 400;\">Na oportunidade, Dom Ceslau falou sobre o sentimento de estar participando mais uma vez dessa ocasi\u00e3o t\u00e3o especial: &#8220;Estar aqui, depois de tantos anos anos, \u00e9 uma diferen\u00e7a l\u00f3gica, invis\u00edvel. Eu fui o primeiro superior aqui primeiro reitor deste Santu\u00e1rio, de 1972 a 1984, e era p\u00e1roco aqui, ao mesmo tempo. \u00c9ramos cinco mission\u00e1rios, que tinham come\u00e7ado o trabalho. Realmente foi um trabalho muito \u00e1rduo, porque n\u00e3o t\u00ednhamos recursos, n\u00e3o somente financeiro, mas recursos t\u00e9cnicos. N\u00f3s trouxemos equipe de transmiss\u00e3o. Mas, o povo come\u00e7ou a vir aqui, e ao mesmo tempo que vinha o povo, n\u00f3s come\u00e7amos o melhoramento desse Santu\u00e1rio. Fizemos o piso da Gruta da Soledade. O piso da Gruta de Bom Jesus estava deteriorado&#8221;. Dom Ceslau afirmou ainda, que a mudan\u00e7a n\u00e3o foi s\u00f3 na estrutura, mas tamb\u00e9m na renova\u00e7\u00e3o da miss\u00e3o, com celebra\u00e7\u00f5es de missas. &#8220;Aqui n\u00f3s equilibramos a Pastoral e a Prega\u00e7\u00e3o do Evanegelho. Investimos nesse Santu\u00e1rio como o Patrim\u00f4nio da Humanidade&#8221;, finalizou.<\/p>\n<p style=\"font-weight: 400;\">Ceslau Stanula recebeu a ordena\u00e7\u00e3o sacerdotal no dia 19&nbsp;de julho de 1964. Depois de seis anos de trabalho na Argentina, os&nbsp;superiores o mandaram para o Brasil, deu se&nbsp; in\u00edcio \u00e0 Miss\u00e3o&nbsp;Redentorista da Bahia, em Bom Jesus da Lapa. Ele atuou como Bispo&nbsp;&nbsp;na&nbsp;Diocese de Itabuna por 20 anos, de 1997 a 2017.<\/p>\n<p>Foto:Arquivo\/Portal Cat\u00f3lico.Net<\/p>\n<p>Texto:Reda\u00e7\u00e3o Portal Cat\u00f3lico.Net<\/p>\n<p>&nbsp;<\/p>\n","protected":false},"excerpt":{"rendered":"<p>O Noven\u00e1rio do Senhor Bom Jesus da Lapa, no Oeste da Bahia, teve in\u00edcio&nbsp;no \u00faltimo&nbsp;s\u00e1bado, 28 de julho, e segue at\u00e9 o dia 05 de agosto, v\u00e9spera da festa do&nbsp;padroeiro de Bom Jesus da Lapa e&nbsp; do Santu\u00e1rio de pedra e luz, que est\u00e1 completando 327 anos e atrai&nbsp;peregrinos de todo o Brasil e do&nbsp;<\/p>\n<p><a class=\"btn btn-style\" href=\"http:\/\/portalcatolico.net\/portal\/nos-dias-30-de-junho-e-primeiro-de-julho-aconteceu-no-centro-de-evangelizacao-joao-paulo-ii-sede-da-comunidade-catolica-palavra-viva-e-tambem-predio-da-escola-de-evangelizacao-um-encontro-vocaciona\/\">Continue Reading<\/a><\/p>\n","protected":false},"author":2,"featured_media":57561,"comment_status":"open","ping_status":"open","sticky":false,"template":"","format":"standard","meta":{"footnotes":""},"categories":[65],"tags":[],"class_list":["post-57560","post","type-post","status-publish","format-standard","has-post-thumbnail","hentry","category-entrevistas"],"_links":{"self":[{"href":"http:\/\/portalcatolico.net\/portal\/wp-json\/wp\/v2\/posts\/57560","targetHints":{"allow":["GET"]}}],"collection":[{"href":"http:\/\/portalcatolico.net\/portal\/wp-json\/wp\/v2\/posts"}],"about":[{"href":"http:\/\/portalcatolico.net\/portal\/wp-json\/wp\/v2\/types\/post"}],"author":[{"embeddable":true,"href":"http:\/\/portalcatolico.net\/portal\/wp-json\/wp\/v2\/users\/2"}],"replies":[{"embeddable":true,"href":"http:\/\/portalcatolico.net\/portal\/wp-json\/wp\/v2\/comments?post=57560"}],"version-history":[{"count":3,"href":"http:\/\/portalcatolico.net\/portal\/wp-json\/wp\/v2\/posts\/57560\/revisions"}],"predecessor-version":[{"id":57564,"href":"http:\/\/portalcatolico.net\/portal\/wp-json\/wp\/v2\/posts\/57560\/revisions\/57564"}],"wp:featuredmedia":[{"embeddable":true,"href":"http:\/\/portalcatolico.net\/portal\/wp-json\/wp\/v2\/media\/57561"}],"wp:attachment":[{"href":"http:\/\/portalcatolico.net\/portal\/wp-json\/wp\/v2\/media?parent=57560"}],"wp:term":[{"taxonomy":"category","embeddable":true,"href":"http:\/\/portalcatolico.net\/portal\/wp-json\/wp\/v2\/categories?post=57560"},{"taxonomy":"post_tag","embeddable":true,"href":"http:\/\/portalcatolico.net\/portal\/wp-json\/wp\/v2\/tags?post=57560"}],"curies":[{"name":"wp","href":"https:\/\/api.w.org\/{rel}","templated":true}]}}