{"id":57550,"date":"2018-08-04T00:27:23","date_gmt":"2018-08-04T03:27:23","guid":{"rendered":"http:\/\/portalcatolico.net\/portal\/?p=57550"},"modified":"2018-08-03T11:32:05","modified_gmt":"2018-08-03T14:32:05","slug":"dia-do-padre-e-celebrado-neste-4-de-agosto","status":"publish","type":"post","link":"http:\/\/portalcatolico.net\/portal\/dia-do-padre-e-celebrado-neste-4-de-agosto\/","title":{"rendered":"Dia do Padre \u00e9 celebrado neste 4 de agosto!"},"content":{"rendered":"<p style=\"font-weight: 400;\">A Igreja Cat\u00f3lica celebra no primeiro domingo do m\u00eas de agosto a voca\u00e7\u00e3o&nbsp;sacerdotal, lembrando todos os ministros ordenados, sejam padres, bispos&nbsp;ou di\u00e1conos. Mas, em especial, em agosto se comemora o Dia do Padre, em&nbsp;homenagem a S\u00e3o Jo\u00e3o Maria Vianey, padroeiro dos sacerdotes.<\/p>\n<p style=\"font-weight: 400;\">Em 1818, o jovem padre \u00e9 enviado \u00e0 Ars, pequeno vilarejo da&nbsp;Fran\u00e7a com aproximadamente quinhentas &#8220;almas&#8221; pouco crist\u00e3. Nela, exerceu&nbsp;o minist\u00e9rio presbiteral at\u00e9 a morte com incans\u00e1vel zelo pastoral.&nbsp;Passou uma grande parte de sua vida no confession\u00e1rio e atrav\u00e9s da&nbsp;austeridade de sua vida, \u00e0 amabilidade e \u00e0 simplicidade de suas&nbsp;maneiras, \u00e0 sua intensa energia sobrenatural sob a apar\u00eancia fr\u00e1gil&nbsp;,&nbsp;atraiu e cativou uma multid\u00e3o de pessoas para Cristo.<\/p>\n<p style=\"font-weight: 400;\">&nbsp;Na madrugada do&nbsp;s\u00e1bado, 4 de agosto de 1859, o Cura D&#8217;Ars partiu para a Casa do Pai. Seu&nbsp;corpo permanece incorrupto na igreja de Ars.<\/p>\n<p style=\"font-weight: 400;\">Em 8 de janeiro de 1905, o&nbsp;Papa Pio X o beatificou e, na festa de Pentecostes, em 31 de maio de 1925,&nbsp;o Papa Pio XI o declarou Santo. O dia do sacerdote \u00e9&nbsp; comemorado desde 1929&nbsp;e foi institu\u00eddo por Papa Pio XI. Foi canonizado pelo Papa Pio XI e \u00e9&nbsp;venerado como modelo dos p\u00e1rocos. De muitos ditos do S\u00e3o Cura d\u00b4Ars, este&nbsp;chama a aten\u00e7\u00e3o: &#8220;Quando vamos adorar a Deus, podemos alcan\u00e7ar tudo o&nbsp;que desejamos, se o pedirmos com f\u00e9 vira e cora\u00e7\u00e3o puro&#8221;. Existem alguns princ\u00edpios fundamentais relacionados ao&nbsp;sacramento da ordem presentes no Catecismo da Igreja Cat\u00f3lica. A Ordem \u00e9 o sacramento&nbsp;gra\u00e7as a qual a miss\u00e3o confiada por Cristo aos seus Ap\u00f3stolos continua&nbsp;sendo exercida na Igreja at\u00e9 o fim dos tempos; \u00e9, portanto o sacramento&nbsp;do minist\u00e9rio apost\u00f3lico. Comporta tr\u00eas graus: o espiscopado, o&nbsp;presbiterado e o diaconado. Padre quer dizer pai. Nas&nbsp; par\u00f3quias, todo&nbsp;<br \/>\nos fieis&nbsp; devemos ser essa figura paterna que acolhe a todos sem&nbsp;distin\u00e7\u00e3o.<\/p>\n<p style=\"font-weight: 400;\">O sacerdote \u00e9 escolhido por Deus para esta miss\u00e3o e tem como&nbsp;exemplo para se espelhar S\u00e3o Jo\u00e3o Maria Vianey, que s\u00e3o&nbsp; homem simples,&nbsp;sem muitos dons, mas que com seu testemunho conseguiu atrair muitas&nbsp;almas para Cristo.<\/p>\n<p style=\"font-weight: 400;\">&nbsp;Amemos nosso P\u00e1roco, rezemos pelos Padres, o&nbsp;respeitemos, que o vejamos como &#8220;in persona Christi&#8221;, pois \u00e9 Cristo que&nbsp;age por ele.<\/p>\n<p>Foto:Divulga\u00e7\u00e3o<\/p>\n","protected":false},"excerpt":{"rendered":"<p>A Igreja Cat\u00f3lica celebra no primeiro domingo do m\u00eas de agosto a voca\u00e7\u00e3o&nbsp;sacerdotal, lembrando todos os ministros ordenados, sejam padres, bispos&nbsp;ou di\u00e1conos. Mas, em especial, em agosto se comemora o Dia do Padre, em&nbsp;homenagem a S\u00e3o Jo\u00e3o Maria Vianey, padroeiro dos sacerdotes. Em 1818, o jovem padre \u00e9 enviado \u00e0 Ars, pequeno vilarejo da&nbsp;Fran\u00e7a com&nbsp;<\/p>\n<p><a class=\"btn btn-style\" href=\"http:\/\/portalcatolico.net\/portal\/dia-do-padre-e-celebrado-neste-4-de-agosto\/\">Continue Reading<\/a><\/p>\n","protected":false},"author":2,"featured_media":57552,"comment_status":"open","ping_status":"open","sticky":false,"template":"","format":"standard","meta":{"footnotes":""},"categories":[69],"tags":[],"class_list":["post-57550","post","type-post","status-publish","format-standard","has-post-thumbnail","hentry","category-artigos"],"_links":{"self":[{"href":"http:\/\/portalcatolico.net\/portal\/wp-json\/wp\/v2\/posts\/57550","targetHints":{"allow":["GET"]}}],"collection":[{"href":"http:\/\/portalcatolico.net\/portal\/wp-json\/wp\/v2\/posts"}],"about":[{"href":"http:\/\/portalcatolico.net\/portal\/wp-json\/wp\/v2\/types\/post"}],"author":[{"embeddable":true,"href":"http:\/\/portalcatolico.net\/portal\/wp-json\/wp\/v2\/users\/2"}],"replies":[{"embeddable":true,"href":"http:\/\/portalcatolico.net\/portal\/wp-json\/wp\/v2\/comments?post=57550"}],"version-history":[{"count":3,"href":"http:\/\/portalcatolico.net\/portal\/wp-json\/wp\/v2\/posts\/57550\/revisions"}],"predecessor-version":[{"id":57554,"href":"http:\/\/portalcatolico.net\/portal\/wp-json\/wp\/v2\/posts\/57550\/revisions\/57554"}],"wp:featuredmedia":[{"embeddable":true,"href":"http:\/\/portalcatolico.net\/portal\/wp-json\/wp\/v2\/media\/57552"}],"wp:attachment":[{"href":"http:\/\/portalcatolico.net\/portal\/wp-json\/wp\/v2\/media?parent=57550"}],"wp:term":[{"taxonomy":"category","embeddable":true,"href":"http:\/\/portalcatolico.net\/portal\/wp-json\/wp\/v2\/categories?post=57550"},{"taxonomy":"post_tag","embeddable":true,"href":"http:\/\/portalcatolico.net\/portal\/wp-json\/wp\/v2\/tags?post=57550"}],"curies":[{"name":"wp","href":"https:\/\/api.w.org\/{rel}","templated":true}]}}