{"id":57537,"date":"2018-08-03T09:22:23","date_gmt":"2018-08-03T12:22:23","guid":{"rendered":"http:\/\/portalcatolico.net\/portal\/?p=57537"},"modified":"2018-08-03T17:58:45","modified_gmt":"2018-08-03T20:58:45","slug":"continua-o-novenario-em-preparacao-para-a-festa-do-bom-jesus-da-lapa","status":"publish","type":"post","link":"http:\/\/portalcatolico.net\/portal\/continua-o-novenario-em-preparacao-para-a-festa-do-bom-jesus-da-lapa\/","title":{"rendered":"Continua o Noven\u00e1rio em prepara\u00e7\u00e3o para a festa do Bom Jesus da Lapa"},"content":{"rendered":"<p style=\"font-weight: 400;\"><img loading=\"lazy\" decoding=\"async\" class=\"wp-image-57540 alignleft\" src=\"http:\/\/portalcatolico.net\/portal\/wp-content\/uploads\/2018\/08\/38254839_1854306491316685_3924388936356462592_n-168x300.jpg\" alt=\"\" width=\"140\" height=\"250\" srcset=\"http:\/\/portalcatolico.net\/portal\/wp-content\/uploads\/2018\/08\/38254839_1854306491316685_3924388936356462592_n-168x300.jpg 168w, http:\/\/portalcatolico.net\/portal\/wp-content\/uploads\/2018\/08\/38254839_1854306491316685_3924388936356462592_n.jpg 538w\" sizes=\"auto, (max-width: 140px) 100vw, 140px\" \/>O Noven\u00e1rio em prepara\u00e7\u00e3o para a festa do Bom Jesus da Lapa, no Oeste da&nbsp;Bahia, continua at\u00e9 domingo (05). J\u00e1 na segunda-feira (06),&nbsp;\u00e9 o grande dia&nbsp;festivo do&nbsp;&nbsp;padroeiro da cidade&nbsp; e&nbsp; Diocese de Bom Jesus da Lapa.<\/p>\n<p style=\"font-weight: 400;\">Nesta quinta-feira&nbsp;(02),&nbsp;&nbsp;teve in\u00edcio a festa de Bom Jesus com Adora\u00e7\u00e3o ao Sant\u00edssimo&nbsp;Sacramento do Altar na Gruta de Nossa Senhora da Soledade, \u00e0s18h30,&nbsp;presidida pelo Padre Marcos Silva, CSsS. A Celebra\u00e7\u00e3o&nbsp;Eucar\u00edstica teve in\u00edcio \u00e0s 19h, presidida pelo bispo da Diocese de Bom&nbsp;Jesus da Lapa, Dom Jo\u00e3o&nbsp; Santos Cardoso e foi concelebrada pelo bispo da&nbsp;Diocese de Itabuna, Dom Carlos Alberto dos Santos; por Dom Ceslau&nbsp;Stanula, bispo em\u00e9rito da Diocese de Itabuna; e por padres das&nbsp;Dioceses de Itabuna, de Bom Jesus da Lapa, padres Mission\u00e1rios&nbsp;Redentoristas entre outros.<\/p>\n<p style=\"font-weight: 400;\">O subtema da 6\u00aa noite&nbsp;foi: &#8221; Seguir o Bom Jesus compromete o crist\u00e3o leigo a assumir sua&nbsp;responsabilidade religiosa, pol\u00edtica e social cotidianamente&#8221;, que foi refletido pelo convidado especial: o bispo da Diocese de&nbsp;Itabuna, Dom Carlos Alberto dos Santos.<img loading=\"lazy\" decoding=\"async\" class=\"wp-image-57542 aligncenter\" src=\"http:\/\/portalcatolico.net\/portal\/wp-content\/uploads\/2018\/08\/38465683_1854306111316723_8542629951050874880_n-300x179.jpg\" alt=\"\" width=\"750\" height=\"447\" srcset=\"http:\/\/portalcatolico.net\/portal\/wp-content\/uploads\/2018\/08\/38465683_1854306111316723_8542629951050874880_n-300x179.jpg 300w, http:\/\/portalcatolico.net\/portal\/wp-content\/uploads\/2018\/08\/38465683_1854306111316723_8542629951050874880_n-768x459.jpg 768w, http:\/\/portalcatolico.net\/portal\/wp-content\/uploads\/2018\/08\/38465683_1854306111316723_8542629951050874880_n.jpg 960w\" sizes=\"auto, (max-width: 750px) 100vw, 750px\" \/><\/p>\n<p style=\"font-weight: 400;\">Na homilia, ele disse: &#8220;O chamado continua sendo feito aqui, hoje. \u00c9 preciso que voc\u00ea se comprometa cada vez mais com a evangeliza\u00e7\u00e3o, na vida da Igreja, na sociedade. Estar aqui \u00e9 muito bom, agora, responder ao chamado de Deus para sermos seguidores de Jesus, muito melhor ser\u00e1&#8221;.<\/p>\n<p>Fotos:<em>Uelder&nbsp; Negr\u00e3o\/Santu\u00e1rio&nbsp;de Bom Jesus da Lapa<\/em><\/p>\n<p>Texto:Portal Cat\u00f3lico.Net<\/p>\n<p><img loading=\"lazy\" decoding=\"async\" class=\"wp-image-57543 alignnone\" src=\"http:\/\/portalcatolico.net\/portal\/wp-content\/uploads\/2018\/08\/38469562_1854306227983378_4409074702924906496_n-300x210.jpg\" alt=\"\" width=\"733\" height=\"513\" srcset=\"http:\/\/portalcatolico.net\/portal\/wp-content\/uploads\/2018\/08\/38469562_1854306227983378_4409074702924906496_n-300x210.jpg 300w, http:\/\/portalcatolico.net\/portal\/wp-content\/uploads\/2018\/08\/38469562_1854306227983378_4409074702924906496_n-768x538.jpg 768w, http:\/\/portalcatolico.net\/portal\/wp-content\/uploads\/2018\/08\/38469562_1854306227983378_4409074702924906496_n.jpg 960w\" sizes=\"auto, (max-width: 733px) 100vw, 733px\" \/> <img loading=\"lazy\" decoding=\"async\" class=\"alignnone wp-image-57544\" src=\"http:\/\/portalcatolico.net\/portal\/wp-content\/uploads\/2018\/08\/38260588_1854305314650136_3617301343082905600_n-300x296.jpg\" alt=\"\" width=\"731\" height=\"721\" srcset=\"http:\/\/portalcatolico.net\/portal\/wp-content\/uploads\/2018\/08\/38260588_1854305314650136_3617301343082905600_n-300x296.jpg 300w, http:\/\/portalcatolico.net\/portal\/wp-content\/uploads\/2018\/08\/38260588_1854305314650136_3617301343082905600_n-768x758.jpg 768w, http:\/\/portalcatolico.net\/portal\/wp-content\/uploads\/2018\/08\/38260588_1854305314650136_3617301343082905600_n.jpg 960w\" sizes=\"auto, (max-width: 731px) 100vw, 731px\" \/> <img loading=\"lazy\" decoding=\"async\" class=\"wp-image-57545 aligncenter\" src=\"http:\/\/portalcatolico.net\/portal\/wp-content\/uploads\/2018\/08\/38391246_1854307591316575_6260849680796614656_n-300x200.jpg\" alt=\"\" width=\"728\" height=\"485\" srcset=\"http:\/\/portalcatolico.net\/portal\/wp-content\/uploads\/2018\/08\/38391246_1854307591316575_6260849680796614656_n-300x200.jpg 300w, http:\/\/portalcatolico.net\/portal\/wp-content\/uploads\/2018\/08\/38391246_1854307591316575_6260849680796614656_n-768x512.jpg 768w, http:\/\/portalcatolico.net\/portal\/wp-content\/uploads\/2018\/08\/38391246_1854307591316575_6260849680796614656_n.jpg 960w\" sizes=\"auto, (max-width: 728px) 100vw, 728px\" \/> <img loading=\"lazy\" decoding=\"async\" class=\"wp-image-57546 aligncenter\" src=\"http:\/\/portalcatolico.net\/portal\/wp-content\/uploads\/2018\/08\/38458011_1854305911316743_3981992389190352896_n-300x186.jpg\" alt=\"\" width=\"723\" height=\"448\" srcset=\"http:\/\/portalcatolico.net\/portal\/wp-content\/uploads\/2018\/08\/38458011_1854305911316743_3981992389190352896_n-300x186.jpg 300w, http:\/\/portalcatolico.net\/portal\/wp-content\/uploads\/2018\/08\/38458011_1854305911316743_3981992389190352896_n-768x475.jpg 768w, http:\/\/portalcatolico.net\/portal\/wp-content\/uploads\/2018\/08\/38458011_1854305911316743_3981992389190352896_n.jpg 960w\" sizes=\"auto, (max-width: 723px) 100vw, 723px\" \/><\/p>\n","protected":false},"excerpt":{"rendered":"<p>O Noven\u00e1rio em prepara\u00e7\u00e3o para a festa do Bom Jesus da Lapa, no Oeste da&nbsp;Bahia, continua at\u00e9 domingo (05). J\u00e1 na segunda-feira (06),&nbsp;\u00e9 o grande dia&nbsp;festivo do&nbsp;&nbsp;padroeiro da cidade&nbsp; e&nbsp; Diocese de Bom Jesus da Lapa. Nesta quinta-feira&nbsp;(02),&nbsp;&nbsp;teve in\u00edcio a festa de Bom Jesus com Adora\u00e7\u00e3o ao Sant\u00edssimo&nbsp;Sacramento do Altar na Gruta de Nossa Senhora&nbsp;<\/p>\n<p><a class=\"btn btn-style\" href=\"http:\/\/portalcatolico.net\/portal\/continua-o-novenario-em-preparacao-para-a-festa-do-bom-jesus-da-lapa\/\">Continue Reading<\/a><\/p>\n","protected":false},"author":2,"featured_media":57538,"comment_status":"open","ping_status":"open","sticky":false,"template":"","format":"standard","meta":{"footnotes":""},"categories":[68],"tags":[],"class_list":["post-57537","post","type-post","status-publish","format-standard","has-post-thumbnail","hentry","category-homilias"],"_links":{"self":[{"href":"http:\/\/portalcatolico.net\/portal\/wp-json\/wp\/v2\/posts\/57537","targetHints":{"allow":["GET"]}}],"collection":[{"href":"http:\/\/portalcatolico.net\/portal\/wp-json\/wp\/v2\/posts"}],"about":[{"href":"http:\/\/portalcatolico.net\/portal\/wp-json\/wp\/v2\/types\/post"}],"author":[{"embeddable":true,"href":"http:\/\/portalcatolico.net\/portal\/wp-json\/wp\/v2\/users\/2"}],"replies":[{"embeddable":true,"href":"http:\/\/portalcatolico.net\/portal\/wp-json\/wp\/v2\/comments?post=57537"}],"version-history":[{"count":7,"href":"http:\/\/portalcatolico.net\/portal\/wp-json\/wp\/v2\/posts\/57537\/revisions"}],"predecessor-version":[{"id":57556,"href":"http:\/\/portalcatolico.net\/portal\/wp-json\/wp\/v2\/posts\/57537\/revisions\/57556"}],"wp:featuredmedia":[{"embeddable":true,"href":"http:\/\/portalcatolico.net\/portal\/wp-json\/wp\/v2\/media\/57538"}],"wp:attachment":[{"href":"http:\/\/portalcatolico.net\/portal\/wp-json\/wp\/v2\/media?parent=57537"}],"wp:term":[{"taxonomy":"category","embeddable":true,"href":"http:\/\/portalcatolico.net\/portal\/wp-json\/wp\/v2\/categories?post=57537"},{"taxonomy":"post_tag","embeddable":true,"href":"http:\/\/portalcatolico.net\/portal\/wp-json\/wp\/v2\/tags?post=57537"}],"curies":[{"name":"wp","href":"https:\/\/api.w.org\/{rel}","templated":true}]}}