{"id":57528,"date":"2018-08-02T21:54:35","date_gmt":"2018-08-03T00:54:35","guid":{"rendered":"http:\/\/portalcatolico.net\/portal\/?p=57528"},"modified":"2018-08-02T21:59:11","modified_gmt":"2018-08-03T00:59:11","slug":"vem-ai-a-semana-nacional-da-familia-em-itabuna","status":"publish","type":"post","link":"http:\/\/portalcatolico.net\/portal\/vem-ai-a-semana-nacional-da-familia-em-itabuna\/","title":{"rendered":"Vem a\u00ed a Semana Nacional da Fam\u00edlia em Itabuna"},"content":{"rendered":"<p style=\"font-weight: 400;\">A Pastoral Familiar da Diocese de Itabuna, no sul da Bahia, j\u00e1 iniciou&nbsp;os preparativos para a t\u00e3o esperada Semana da Fam\u00edlia.&nbsp;&nbsp;Os encontros iniciaram no dia 17 de julho nas comunidades na par\u00f3quia Santa Rita de&nbsp;C\u00e1ssia em Itabuna (BA),&nbsp;e segue at\u00e9 o dia 11.&nbsp;&nbsp;Desta vez, o encontro ser\u00e1 na igreja matriz de&nbsp;Santa Rita de C\u00e1ssia, com os&nbsp; pais, que tem seus filhos&nbsp; na&nbsp; Catequese.&nbsp;<br \/>\nDe 13 a 19, a Semana da Fam\u00edlia acontecer\u00e1 na Pra\u00e7a Camacan, \u00e0s&nbsp;19h.<\/p>\n<p style=\"font-weight: 400;\">Criada em 1992, a Semana Nacional da Fam\u00edlia \u00e9 um evento anual e&nbsp;integra o calend\u00e1rio das par\u00f3quias e comunidades de todo o pa\u00eds. A&nbsp;Igreja no Brasil celebra entre os dias 13 e 18 este evento, que \u00e9 promovido pela Comiss\u00e3o Episcopal Pastoral&nbsp;<br \/>\npara a Vida e a Fam\u00edlia da Confer\u00eancia Nacional dos Bispos do Brasil&nbsp;(CNBB) e a Comiss\u00e3o Nacional da Pastoral Familiar (CNPF).<\/p>\n<p style=\"font-weight: 400;\">Este ano, o&nbsp;evento tem como&nbsp;tema &#8220;O Evangelho da Fam\u00edlia, alegria para o mundo&#8221;, a mesma tem\u00e1tica do&nbsp;IX Encontro Mundial das Fam\u00edlias com o Papa Francisco, que acontece em&nbsp;Dublim, Irlanda, tamb\u00e9m em agosto.<img loading=\"lazy\" decoding=\"async\" class=\"wp-image-57529 aligncenter\" src=\"http:\/\/portalcatolico.net\/portal\/wp-content\/uploads\/2018\/08\/37600761_1754913721212371_7014121502098325504_n-300x169.jpg\" alt=\"\" width=\"735\" height=\"414\" srcset=\"http:\/\/portalcatolico.net\/portal\/wp-content\/uploads\/2018\/08\/37600761_1754913721212371_7014121502098325504_n-300x169.jpg 300w, http:\/\/portalcatolico.net\/portal\/wp-content\/uploads\/2018\/08\/37600761_1754913721212371_7014121502098325504_n-768x432.jpg 768w, http:\/\/portalcatolico.net\/portal\/wp-content\/uploads\/2018\/08\/37600761_1754913721212371_7014121502098325504_n-1024x576.jpg 1024w, http:\/\/portalcatolico.net\/portal\/wp-content\/uploads\/2018\/08\/37600761_1754913721212371_7014121502098325504_n.jpg 1280w\" sizes=\"auto, (max-width: 735px) 100vw, 735px\" \/><br \/>\nA semana da Nacional da Fam\u00edlia, na Diocese de Itabuna, ser\u00e1&nbsp; composta&nbsp;de Celebra\u00e7\u00e3o Eucar\u00edstica todas as noites (sempre \u00e0s 19h), com a&nbsp;participa\u00e7\u00e3o das 14 par\u00f3quias da Faronia Centro, sendo cada noite, umas&nbsp;das Par\u00f3quias com seus membros&nbsp; de pastorais e movimentos respons\u00e1veis.<br \/>\nDia 18, vai se apresentar, na Pra\u00e7a da C\u00e2mara de Vereadores de Itabuna,&nbsp;com suas belas can\u00e7\u00f5es, o cantor e compositor, Pe. Frei Gilson. A&nbsp;entrada ser\u00e1 um 1kg de alimento n\u00e3o perec\u00edvel e ter\u00e1 a participa\u00e7\u00e3o&nbsp;especial do Grupo MEFA da Diocese de Itabuna.&nbsp;Assista uma das suas can\u00e7\u00f5es neste link:&nbsp;<a href=\"https:\/\/www.youtube.com\/watch?v=EPWc4hgt7hA\">https:\/\/www.youtube.com\/watch?v=EPWc4hgt7hA<\/a><br \/>\nEm breve, este site vai divulgar&nbsp; a programa\u00e7\u00e3o completa da Semana&nbsp;Nacional da Familia.<\/p>\n<p style=\"font-weight: 400;\">&nbsp;<\/p>\n","protected":false},"excerpt":{"rendered":"<p>A Pastoral Familiar da Diocese de Itabuna, no sul da Bahia, j\u00e1 iniciou&nbsp;os preparativos para a t\u00e3o esperada Semana da Fam\u00edlia.&nbsp;&nbsp;Os encontros iniciaram no dia 17 de julho nas comunidades na par\u00f3quia Santa Rita de&nbsp;C\u00e1ssia em Itabuna (BA),&nbsp;e segue at\u00e9 o dia 11.&nbsp;&nbsp;Desta vez, o encontro ser\u00e1 na igreja matriz de&nbsp;Santa Rita de C\u00e1ssia, com&nbsp;<\/p>\n<p><a class=\"btn btn-style\" href=\"http:\/\/portalcatolico.net\/portal\/vem-ai-a-semana-nacional-da-familia-em-itabuna\/\">Continue Reading<\/a><\/p>\n","protected":false},"author":2,"featured_media":57531,"comment_status":"open","ping_status":"open","sticky":false,"template":"","format":"standard","meta":{"footnotes":""},"categories":[1],"tags":[],"class_list":["post-57528","post","type-post","status-publish","format-standard","has-post-thumbnail","hentry","category-agenda"],"_links":{"self":[{"href":"http:\/\/portalcatolico.net\/portal\/wp-json\/wp\/v2\/posts\/57528","targetHints":{"allow":["GET"]}}],"collection":[{"href":"http:\/\/portalcatolico.net\/portal\/wp-json\/wp\/v2\/posts"}],"about":[{"href":"http:\/\/portalcatolico.net\/portal\/wp-json\/wp\/v2\/types\/post"}],"author":[{"embeddable":true,"href":"http:\/\/portalcatolico.net\/portal\/wp-json\/wp\/v2\/users\/2"}],"replies":[{"embeddable":true,"href":"http:\/\/portalcatolico.net\/portal\/wp-json\/wp\/v2\/comments?post=57528"}],"version-history":[{"count":3,"href":"http:\/\/portalcatolico.net\/portal\/wp-json\/wp\/v2\/posts\/57528\/revisions"}],"predecessor-version":[{"id":57533,"href":"http:\/\/portalcatolico.net\/portal\/wp-json\/wp\/v2\/posts\/57528\/revisions\/57533"}],"wp:featuredmedia":[{"embeddable":true,"href":"http:\/\/portalcatolico.net\/portal\/wp-json\/wp\/v2\/media\/57531"}],"wp:attachment":[{"href":"http:\/\/portalcatolico.net\/portal\/wp-json\/wp\/v2\/media?parent=57528"}],"wp:term":[{"taxonomy":"category","embeddable":true,"href":"http:\/\/portalcatolico.net\/portal\/wp-json\/wp\/v2\/categories?post=57528"},{"taxonomy":"post_tag","embeddable":true,"href":"http:\/\/portalcatolico.net\/portal\/wp-json\/wp\/v2\/tags?post=57528"}],"curies":[{"name":"wp","href":"https:\/\/api.w.org\/{rel}","templated":true}]}}