{"id":57523,"date":"2018-08-02T00:04:06","date_gmt":"2018-08-02T03:04:06","guid":{"rendered":"http:\/\/portalcatolico.net\/portal\/?p=57523"},"modified":"2018-08-01T21:04:32","modified_gmt":"2018-08-02T00:04:32","slug":"nuncio-apostolico-presidira-celebracao-do-jubileu-centenario-de-criacao-da-diocese-de-nazare","status":"publish","type":"post","link":"http:\/\/portalcatolico.net\/portal\/nuncio-apostolico-presidira-celebracao-do-jubileu-centenario-de-criacao-da-diocese-de-nazare\/","title":{"rendered":"N\u00fancio Apost\u00f3lico presidir\u00e1 celebra\u00e7\u00e3o do jubileu centen\u00e1rio de cria\u00e7\u00e3o da Diocese de Nazar\u00e9"},"content":{"rendered":"<p><img loading=\"lazy\" decoding=\"async\" class=\"size-medium wp-image-57524 alignleft\" src=\"http:\/\/portalcatolico.net\/portal\/wp-content\/uploads\/2018\/08\/Dom-Giovanni-300x150-300x150.jpg\" alt=\"\" width=\"300\" height=\"150\">No pr\u00f3ximo domingo,&nbsp;<strong>05\/08 (16h)<\/strong>, a diocese de Nazar\u00e9, filha da Arquidiocese de Olinda e Recife, acolhe a solene concelebra\u00e7\u00e3o Eucar\u00edstica do Jubileu Centen\u00e1rio da Diocese de Nazar\u00e9. A missa campal ser\u00e1 presidida pelo N\u00fancio Apost\u00f3lico no Brasil, dom Giovanni d\u2019Aniello. Estar\u00e1 presente, tamb\u00e9m, o arcebispo da Arquidiocese de Olinda e Recife (m\u00e3e da Igreja de Nazar\u00e9), tamb\u00e9m presidente do Regional N2 da CNBB, dom Fernando Saburido, juntamente com demais bispos que comp\u00f5em as prov\u00edncias eclesi\u00e1sticas do NE2.&nbsp;&nbsp; A celebra\u00e7\u00e3o festiva acontece na Pra\u00e7a Papa Jo\u00e3o XXIII, em frente \u00e0 Catedral Nossa Senhora da Concei\u00e7\u00e3o, em Nazar\u00e9 da Mata (PE).&nbsp; Tamb\u00e9m participar\u00e1 da concelebra\u00e7\u00e3o o novo bispo auxiliar da Arquidiocese de Olinda e Recife, dom Limac\u00eado Ant\u00f4nio da Silva, nascido em Nazar\u00e9 da Mata.<\/p>\n<div id=\"attachment_45051\" class=\"wp-caption alignright\" style=\"width: 383px;\">\n<p><a href=\"http:\/\/www.arquidioceseolindarecife.org\/wp-content\/uploads\/2018\/08\/Nazare-Pe.jpg\"><img loading=\"lazy\" decoding=\"async\" class=\"wp-image-45051 \" src=\"http:\/\/www.arquidioceseolindarecife.org\/wp-content\/uploads\/2018\/08\/Nazare-Pe-300x169.jpg\" sizes=\"auto, (max-width: 300px) 100vw, 300px\" srcset=\"http:\/\/www.arquidioceseolindarecife.org\/wp-content\/uploads\/2018\/08\/Nazare-Pe-300x169.jpg 300w, http:\/\/www.arquidioceseolindarecife.org\/wp-content\/uploads\/2018\/08\/Nazare-Pe-95x54.jpg 95w, http:\/\/www.arquidioceseolindarecife.org\/wp-content\/uploads\/2018\/08\/Nazare-Pe.jpg 720w\" alt=\"\" width=\"383\" height=\"216\"><\/a><\/p>\n<p class=\"wp-caption-text\">Missa campal ser\u00e1 celebrada em frente \u00e0 catedral diocesana<\/p>\n<\/div>\n<p>Conforme informa a diocese de Nazar\u00e9, neste Ano Jubilar muitos eventos t\u00eam integrado o calend\u00e1rio de atividades realizadas em comemora\u00e7\u00e3o e prepara\u00e7\u00e3o aos 100 Anos da Igreja de Nazar\u00e9: concentra\u00e7\u00f5es regionais (por Regi\u00e3o Pastoral), visitas pastorais mission\u00e1rias, romaria interdiocesana (com as dioceses de Garanhuns e Pesqueira \u2013 tamb\u00e9m centen\u00e1rias); sess\u00e3o solene na Assembleia Legislativa de Pernambuco, na Arquidiocese de Olinda e Recife e em c\u00e2maras municipais; lan\u00e7amento do selo personalizado e outras a\u00e7\u00f5es programadas. Dentre elas, o 1\u00ba Congresso Eucar\u00edstico Diocesano, que ser\u00e1 realizado no per\u00edodo de 02 a 04 de agosto, em Nazar\u00e9 da Mata.&nbsp;&nbsp;<\/p>\n<p><a href=\"http:\/\/www.arquidioceseolindarecife.org\/wp-content\/uploads\/2018\/08\/bula_papal-d-Garanhuns.jpg\"><img loading=\"lazy\" decoding=\"async\" class=\"size-medium wp-image-45052 alignleft\" src=\"http:\/\/www.arquidioceseolindarecife.org\/wp-content\/uploads\/2018\/08\/bula_papal-d-Garanhuns-300x244.jpg\" sizes=\"auto, (max-width: 300px) 100vw, 300px\" srcset=\"http:\/\/www.arquidioceseolindarecife.org\/wp-content\/uploads\/2018\/08\/bula_papal-d-Garanhuns-300x244.jpg 300w, http:\/\/www.arquidioceseolindarecife.org\/wp-content\/uploads\/2018\/08\/bula_papal-d-Garanhuns.jpg 500w\" alt=\"\" width=\"300\" height=\"244\"><\/a>Criada pelo Papa Bento XV, atrav\u00e9s da Bula \u201cArchidioeces\u00eds Olindensis et Recifensis\u201d, a diocese de Nazar\u00e9 foi desmembrada da Arquidiocese de Olinda e Recife aos 02 de agosto de 1918.&nbsp;&nbsp;&nbsp; Neste jubileu centen\u00e1rio, o bispo diocesano de Nazar\u00e9, dom Lucena reflete sobre o trabalho pastoral da diocese que conta com mais de um milh\u00e3o de habitantes, 39 par\u00f3quias e quatro \u00c1reas Pastorais: \u201cA evangeliza\u00e7\u00e3o \u00e9 uma tarefa que precisa ser cuidada continuamente. A isso, pressup\u00f5e-se n\u00e3o apenas conservar edif\u00edcios religiosos ou um patrim\u00f4nio cultural, mas construir a Igreja viva e ajudar a arquitetar a conviv\u00eancia humana de acordo com os des\u00edgnios do Senhor\u201d.&nbsp;&nbsp; Vale destacar que a Bula Papal que criou a diocese de Nazar\u00e9 tamb\u00e9m criou as dioceses de Pesqueira e Garanhuns, no agreste de Pernambuco, desmembradas do territ\u00f3rio da Arquidiocese de Olinda e Recife.<\/p>\n<p>Contatos para mais informa\u00e7\u00f5es: C\u00faria Diocesana, Nazar\u00e9 da Mata, com a secret\u00e1ria Zita Benjamin: (81) 3633-1009 &nbsp;<a href=\"mailto:diocesedenazare@hotmail.com\">diocesedenazare@hotmail.com<\/a><\/p>\n<p>(Com informa\u00e7\u00f5es da Pastoral da Comunica\u00e7\u00e3o da diocese de Nazar\u00e9)<\/p>\n","protected":false},"excerpt":{"rendered":"<p>No pr\u00f3ximo domingo,&nbsp;05\/08 (16h), a diocese de Nazar\u00e9, filha da Arquidiocese de Olinda e Recife, acolhe a solene concelebra\u00e7\u00e3o Eucar\u00edstica do Jubileu Centen\u00e1rio da Diocese de Nazar\u00e9. A missa campal ser\u00e1 presidida pelo N\u00fancio Apost\u00f3lico no Brasil, dom Giovanni d\u2019Aniello. Estar\u00e1 presente, tamb\u00e9m, o arcebispo da Arquidiocese de Olinda e Recife (m\u00e3e da Igreja de&nbsp;<\/p>\n<p><a class=\"btn btn-style\" href=\"http:\/\/portalcatolico.net\/portal\/nuncio-apostolico-presidira-celebracao-do-jubileu-centenario-de-criacao-da-diocese-de-nazare\/\">Continue Reading<\/a><\/p>\n","protected":false},"author":2,"featured_media":57525,"comment_status":"open","ping_status":"open","sticky":false,"template":"","format":"standard","meta":{"footnotes":""},"categories":[3],"tags":[],"class_list":["post-57523","post","type-post","status-publish","format-standard","has-post-thumbnail","hentry","category-noticias_regionais"],"_links":{"self":[{"href":"http:\/\/portalcatolico.net\/portal\/wp-json\/wp\/v2\/posts\/57523","targetHints":{"allow":["GET"]}}],"collection":[{"href":"http:\/\/portalcatolico.net\/portal\/wp-json\/wp\/v2\/posts"}],"about":[{"href":"http:\/\/portalcatolico.net\/portal\/wp-json\/wp\/v2\/types\/post"}],"author":[{"embeddable":true,"href":"http:\/\/portalcatolico.net\/portal\/wp-json\/wp\/v2\/users\/2"}],"replies":[{"embeddable":true,"href":"http:\/\/portalcatolico.net\/portal\/wp-json\/wp\/v2\/comments?post=57523"}],"version-history":[{"count":2,"href":"http:\/\/portalcatolico.net\/portal\/wp-json\/wp\/v2\/posts\/57523\/revisions"}],"predecessor-version":[{"id":57527,"href":"http:\/\/portalcatolico.net\/portal\/wp-json\/wp\/v2\/posts\/57523\/revisions\/57527"}],"wp:featuredmedia":[{"embeddable":true,"href":"http:\/\/portalcatolico.net\/portal\/wp-json\/wp\/v2\/media\/57525"}],"wp:attachment":[{"href":"http:\/\/portalcatolico.net\/portal\/wp-json\/wp\/v2\/media?parent=57523"}],"wp:term":[{"taxonomy":"category","embeddable":true,"href":"http:\/\/portalcatolico.net\/portal\/wp-json\/wp\/v2\/categories?post=57523"},{"taxonomy":"post_tag","embeddable":true,"href":"http:\/\/portalcatolico.net\/portal\/wp-json\/wp\/v2\/tags?post=57523"}],"curies":[{"name":"wp","href":"https:\/\/api.w.org\/{rel}","templated":true}]}}