{"id":57517,"date":"2018-08-01T18:42:06","date_gmt":"2018-08-01T21:42:06","guid":{"rendered":"http:\/\/portalcatolico.net\/portal\/?p=57517"},"modified":"2018-08-01T18:47:09","modified_gmt":"2018-08-01T21:47:09","slug":"leigos-e-leigas-marcharam-em-defesa-dos-bispos-e-da-igreja-da-nicaragua","status":"publish","type":"post","link":"http:\/\/portalcatolico.net\/portal\/leigos-e-leigas-marcharam-em-defesa-dos-bispos-e-da-igreja-da-nicaragua\/","title":{"rendered":"Leigos e leigas marcharam em defesa dos bispos e da Igreja da Nicar\u00e1gua"},"content":{"rendered":"<p>Milhares de fi\u00e9is cat\u00f3licos marcharam pelas ruas de Man\u00e1gua, na Nicar\u00e1gua, em solidariedade e defesa da Igreja e dos Bispos da Confer\u00eancia Episcopal do pa\u00eds pelos ataques sofridos pela repress\u00e3o governamental e dos grupos paramilitares.<\/p>\n<div id=\"attachment_198123\" class=\"wp-caption alignright\" style=\"width: 303px;\">\n<p><img loading=\"lazy\" decoding=\"async\" class=\"wp-image-198123 \" src=\"http:\/\/www.cnbb.org.br\/wp-content\/uploads\/sites\/32\/2018\/07\/Cardeal-concedeu-entrevista-coletiva-em-Man%C3%A1gua-AFP-or-licensors-300x169.jpeg\" srcset=\"http:\/\/www.cnbb.org.br\/wp-content\/uploads\/sites\/32\/2018\/07\/Cardeal-concedeu-entrevista-coletiva-em-Man\u00e1gua-AFP-or-licensors-300x169.jpeg 300w, http:\/\/www.cnbb.org.br\/wp-content\/uploads\/sites\/32\/2018\/07\/Cardeal-concedeu-entrevista-coletiva-em-Man\u00e1gua-AFP-or-licensors.jpeg 750w\" alt=\"\" width=\"303\" height=\"171\"><\/p>\n<p class=\"wp-caption-text\"><em>Arcebispo de Man\u00e1gua e presidente da Confer\u00eancia Episcopal da Nicar\u00e1gua, cardeal Leopoldo Jos\u00e9 Brenes. Foto: AFP or licensors<\/em><\/p>\n<\/div>\n<p>A Ag\u00eancia ACI Digital trouxe um agradecimento do arcebispo de Man\u00e1gua e presidente da Confer\u00eancia Episcopal da Nicar\u00e1gua (CEN), cardeal Leopoldo Jos\u00e9 Brenes, as pessoas que participaram na manifesta\u00e7\u00e3o. A mensagem publicada na p\u00e1gina do Facebook da Arquidiocese de Man\u00e1gua, dom Leopoldo diz: \u201caos leigos da nossa Igreja Cat\u00f3lica, aos nossos fi\u00e9is, assim como muitos membros de outras igrejas irm\u00e3s que se uniram a esta peregrina\u00e7\u00e3o, assim como a outros organismos, homens e mulheres de boa vontade que se uniram a fim de apoiar a gest\u00e3o de servi\u00e7o que a Confer\u00eancia Episcopal est\u00e1 realizando\u201d.<\/p>\n<p><em>\u201cSem d\u00favida, todos os bispos da Nicar\u00e1gua assumimos este pedido da Presid\u00eancia de participar como mediadores e testemunhas; e fazemos isto com uma atitude de servi\u00e7o. N\u00f3s oferecemos um servi\u00e7o, mas n\u00e3o buscamos ser reis, nem presidente, nem ministros, nem nada disso, mas apenas servidores\u201d, explicou.<\/em><\/p>\n<div id=\"attachment_198124\" class=\"wp-caption alignright\">\n<p><img loading=\"lazy\" decoding=\"async\" class=\" wp-image-198124\" src=\"http:\/\/www.cnbb.org.br\/wp-content\/uploads\/sites\/32\/2018\/07\/Jorge-Mej%C3%ADa-Peralta-e-Javier-Ruiz-300x200.jpg\" srcset=\"http:\/\/www.cnbb.org.br\/wp-content\/uploads\/sites\/32\/2018\/07\/Jorge-Mej\u00eda-Peralta-e-Javier-Ruiz-300x200.jpg 300w, http:\/\/www.cnbb.org.br\/wp-content\/uploads\/sites\/32\/2018\/07\/Jorge-Mej\u00eda-Peralta-e-Javier-Ruiz-768x513.jpg 768w, http:\/\/www.cnbb.org.br\/wp-content\/uploads\/sites\/32\/2018\/07\/Jorge-Mej\u00eda-Peralta-e-Javier-Ruiz.jpg 960w\" alt=\"\" width=\"346\" height=\"230\"><\/p>\n<p class=\"wp-caption-text\">Foto: Jorge Mej\u00eda Peralta e Javier Ruiz<\/p>\n<\/div>\n<p><em>\u201cQueremos agradecer a todos estes irm\u00e3os que se manifestaram aqui em Man\u00e1gua e em outras dioceses, mas pedimos especialmente suas ora\u00e7\u00f5es pois isto nos fortalece\u201d, concluiu.<\/em><\/p>\n<p><strong>Festa do Padroeiro, com esperan\u00e7a<\/strong><\/p>\n<p>31 de julho \u00e9 a Festa de S\u00e3o Domingo de Gusm\u00e3o, Padroeiro de Man\u00e1gua. Ser\u00e3o realizadas duas peregrina\u00e7\u00f5es: uma nesta quarta-feira, 1\u00ba de agosto e outra no dia 10, al\u00e9m de outras atividades durante esses dias. Em entrevista a ag\u00eancia SIR, o cardeal Leopoldo Brenes disse que tem pedido que as celebra\u00e7\u00f5es tenham um sentido exclusivamente religioso.<\/p>\n<p><em>\u201cDeve prevalecer a atmosfera de ora\u00e7\u00e3o e de recolhimento, f\u00e9 e paz, para que seja uma oferta para todas as fam\u00edlias nicaraguenses que est\u00e3o passando por este momento dif\u00edcil de crise\u201d. O lema deste ano ser\u00e1 \u201cCom S\u00e3o Domingo de Gusm\u00e3o peregrinamos com esperan\u00e7a\u201d.(CNBB)<\/em><\/p>\n","protected":false},"excerpt":{"rendered":"<p>Milhares de fi\u00e9is cat\u00f3licos marcharam pelas ruas de Man\u00e1gua, na Nicar\u00e1gua, em solidariedade e defesa da Igreja e dos Bispos da Confer\u00eancia Episcopal do pa\u00eds pelos ataques sofridos pela repress\u00e3o governamental e dos grupos paramilitares. Arcebispo de Man\u00e1gua e presidente da Confer\u00eancia Episcopal da Nicar\u00e1gua, cardeal Leopoldo Jos\u00e9 Brenes. Foto: AFP or licensors A Ag\u00eancia&nbsp;<\/p>\n<p><a class=\"btn btn-style\" href=\"http:\/\/portalcatolico.net\/portal\/leigos-e-leigas-marcharam-em-defesa-dos-bispos-e-da-igreja-da-nicaragua\/\">Continue Reading<\/a><\/p>\n","protected":false},"author":2,"featured_media":57518,"comment_status":"open","ping_status":"open","sticky":false,"template":"","format":"standard","meta":{"footnotes":""},"categories":[5],"tags":[],"class_list":["post-57517","post","type-post","status-publish","format-standard","has-post-thumbnail","hentry","category-igreja_no_mundo"],"_links":{"self":[{"href":"http:\/\/portalcatolico.net\/portal\/wp-json\/wp\/v2\/posts\/57517","targetHints":{"allow":["GET"]}}],"collection":[{"href":"http:\/\/portalcatolico.net\/portal\/wp-json\/wp\/v2\/posts"}],"about":[{"href":"http:\/\/portalcatolico.net\/portal\/wp-json\/wp\/v2\/types\/post"}],"author":[{"embeddable":true,"href":"http:\/\/portalcatolico.net\/portal\/wp-json\/wp\/v2\/users\/2"}],"replies":[{"embeddable":true,"href":"http:\/\/portalcatolico.net\/portal\/wp-json\/wp\/v2\/comments?post=57517"}],"version-history":[{"count":2,"href":"http:\/\/portalcatolico.net\/portal\/wp-json\/wp\/v2\/posts\/57517\/revisions"}],"predecessor-version":[{"id":57520,"href":"http:\/\/portalcatolico.net\/portal\/wp-json\/wp\/v2\/posts\/57517\/revisions\/57520"}],"wp:featuredmedia":[{"embeddable":true,"href":"http:\/\/portalcatolico.net\/portal\/wp-json\/wp\/v2\/media\/57518"}],"wp:attachment":[{"href":"http:\/\/portalcatolico.net\/portal\/wp-json\/wp\/v2\/media?parent=57517"}],"wp:term":[{"taxonomy":"category","embeddable":true,"href":"http:\/\/portalcatolico.net\/portal\/wp-json\/wp\/v2\/categories?post=57517"},{"taxonomy":"post_tag","embeddable":true,"href":"http:\/\/portalcatolico.net\/portal\/wp-json\/wp\/v2\/tags?post=57517"}],"curies":[{"name":"wp","href":"https:\/\/api.w.org\/{rel}","templated":true}]}}