{"id":57505,"date":"2018-08-01T11:43:43","date_gmt":"2018-08-01T14:43:43","guid":{"rendered":"http:\/\/portalcatolico.net\/portal\/?p=57505"},"modified":"2018-08-01T12:33:16","modified_gmt":"2018-08-01T15:33:16","slug":"padre-simeon-celebra-40-anos-de-ordenacao-sacerdotal","status":"publish","type":"post","link":"http:\/\/portalcatolico.net\/portal\/padre-simeon-celebra-40-anos-de-ordenacao-sacerdotal\/","title":{"rendered":"Padre Simeon celebra 40 anos de Ordena\u00e7\u00e3o Sacerdotal"},"content":{"rendered":"<p style=\"font-weight: 400;\">Em um clima de muita alegria, no dia 29 de julho de 2018, a Par\u00f3quia&nbsp;Santa Terezinha, na cidade de Potiragu\u00e1 (BA), celebrou uma Santa&nbsp;Missa em A\u00e7\u00e3o de Gra\u00e7as pelos 40 anos de Ordena\u00e7\u00e3o Sacerdotal do seu&nbsp;querido P\u00e1roco Sime\u00f3n Ibarra Torres . Esta Celebra\u00e7\u00e3o Eucar\u00edstica foi&nbsp;presidida pelo pr\u00f3prio Pe. Simeon e concelebrada pelo Dom Carlos Alberto&nbsp;dos Santos e Vig\u00e1rio geral da Diocese de Itabuna, o Monsenhor o Padre&nbsp;Nicolau Klak e por padres da regi\u00e3o, por volta das 10 horas da manh\u00e3.<\/p>\n<p style=\"font-weight: 400;\">&nbsp;A Igreja Matriz Santa Terezinha&nbsp;estava repleta de fi\u00e9is e amigos que participaram da Missa para prestar&nbsp;a sua homenagem e demonstrar o seu carinho e respeito ao sacerdote.<\/p>\n<p style=\"font-weight: 400;\">&#8220;Ser padre \u00e9 ser pai. A paternidade existe em fun\u00e7\u00e3o dos filhos, como&nbsp;<br \/>\ntamb\u00e9m a maternidade. Ser padre \u00e9 estar a servi\u00e7o dos irm\u00e3os, de modo&nbsp;<br \/>\nespecial, dos pequenos&#8221;. Essa \u00e9 mensagem da equipe do Portal Cat\u00f3lico de&nbsp;<br \/>\nNoticias ao padre Simeon.<\/p>\n<p>Fotos:Par\u00f3quia Santa Terezinha<\/p>\n<p><a href=\"http:\/\/diocesedeitabuna.com.br\/40-anos-de-vida-sacerdotal-de-padre-simeon\/\"><span style=\"color: #ff0000;\">Confira a Biografia e Historia do Padre<\/span><\/a><\/p>\n<p><img loading=\"lazy\" decoding=\"async\" class=\"alignnone wp-image-57508\" src=\"http:\/\/portalcatolico.net\/portal\/wp-content\/uploads\/2018\/08\/38071726_2050155495233650_8137715531194040320_n-300x146.jpg\" alt=\"\" width=\"302\" height=\"147\" srcset=\"http:\/\/portalcatolico.net\/portal\/wp-content\/uploads\/2018\/08\/38071726_2050155495233650_8137715531194040320_n-300x146.jpg 300w, http:\/\/portalcatolico.net\/portal\/wp-content\/uploads\/2018\/08\/38071726_2050155495233650_8137715531194040320_n-768x373.jpg 768w, http:\/\/portalcatolico.net\/portal\/wp-content\/uploads\/2018\/08\/38071726_2050155495233650_8137715531194040320_n-1024x498.jpg 1024w, http:\/\/portalcatolico.net\/portal\/wp-content\/uploads\/2018\/08\/38071726_2050155495233650_8137715531194040320_n.jpg 1152w\" sizes=\"auto, (max-width: 302px) 100vw, 302px\" \/> <img loading=\"lazy\" decoding=\"async\" class=\"alignnone wp-image-57509\" src=\"http:\/\/portalcatolico.net\/portal\/wp-content\/uploads\/2018\/08\/38183369_2050155505233649_3629305171084836864_n-300x146.jpg\" alt=\"\" width=\"300\" height=\"146\" srcset=\"http:\/\/portalcatolico.net\/portal\/wp-content\/uploads\/2018\/08\/38183369_2050155505233649_3629305171084836864_n-300x146.jpg 300w, http:\/\/portalcatolico.net\/portal\/wp-content\/uploads\/2018\/08\/38183369_2050155505233649_3629305171084836864_n-768x373.jpg 768w, http:\/\/portalcatolico.net\/portal\/wp-content\/uploads\/2018\/08\/38183369_2050155505233649_3629305171084836864_n-1024x498.jpg 1024w, http:\/\/portalcatolico.net\/portal\/wp-content\/uploads\/2018\/08\/38183369_2050155505233649_3629305171084836864_n.jpg 1152w\" sizes=\"auto, (max-width: 300px) 100vw, 300px\" \/><\/p>\n","protected":false},"excerpt":{"rendered":"<p>Em um clima de muita alegria, no dia 29 de julho de 2018, a Par\u00f3quia&nbsp;Santa Terezinha, na cidade de Potiragu\u00e1 (BA), celebrou uma Santa&nbsp;Missa em A\u00e7\u00e3o de Gra\u00e7as pelos 40 anos de Ordena\u00e7\u00e3o Sacerdotal do seu&nbsp;querido P\u00e1roco Sime\u00f3n Ibarra Torres . Esta Celebra\u00e7\u00e3o Eucar\u00edstica foi&nbsp;presidida pelo pr\u00f3prio Pe. Simeon e concelebrada pelo Dom Carlos Alberto&nbsp;dos&nbsp;<\/p>\n<p><a class=\"btn btn-style\" href=\"http:\/\/portalcatolico.net\/portal\/padre-simeon-celebra-40-anos-de-ordenacao-sacerdotal\/\">Continue Reading<\/a><\/p>\n","protected":false},"author":2,"featured_media":57506,"comment_status":"open","ping_status":"open","sticky":false,"template":"","format":"standard","meta":{"footnotes":""},"categories":[4],"tags":[],"class_list":["post-57505","post","type-post","status-publish","format-standard","has-post-thumbnail","hentry","category-destaques"],"_links":{"self":[{"href":"http:\/\/portalcatolico.net\/portal\/wp-json\/wp\/v2\/posts\/57505","targetHints":{"allow":["GET"]}}],"collection":[{"href":"http:\/\/portalcatolico.net\/portal\/wp-json\/wp\/v2\/posts"}],"about":[{"href":"http:\/\/portalcatolico.net\/portal\/wp-json\/wp\/v2\/types\/post"}],"author":[{"embeddable":true,"href":"http:\/\/portalcatolico.net\/portal\/wp-json\/wp\/v2\/users\/2"}],"replies":[{"embeddable":true,"href":"http:\/\/portalcatolico.net\/portal\/wp-json\/wp\/v2\/comments?post=57505"}],"version-history":[{"count":4,"href":"http:\/\/portalcatolico.net\/portal\/wp-json\/wp\/v2\/posts\/57505\/revisions"}],"predecessor-version":[{"id":57512,"href":"http:\/\/portalcatolico.net\/portal\/wp-json\/wp\/v2\/posts\/57505\/revisions\/57512"}],"wp:featuredmedia":[{"embeddable":true,"href":"http:\/\/portalcatolico.net\/portal\/wp-json\/wp\/v2\/media\/57506"}],"wp:attachment":[{"href":"http:\/\/portalcatolico.net\/portal\/wp-json\/wp\/v2\/media?parent=57505"}],"wp:term":[{"taxonomy":"category","embeddable":true,"href":"http:\/\/portalcatolico.net\/portal\/wp-json\/wp\/v2\/categories?post=57505"},{"taxonomy":"post_tag","embeddable":true,"href":"http:\/\/portalcatolico.net\/portal\/wp-json\/wp\/v2\/tags?post=57505"}],"curies":[{"name":"wp","href":"https:\/\/api.w.org\/{rel}","templated":true}]}}