{"id":57502,"date":"2018-08-01T18:39:52","date_gmt":"2018-08-01T21:39:52","guid":{"rendered":"http:\/\/portalcatolico.net\/portal\/?p=57502"},"modified":"2018-08-01T18:17:09","modified_gmt":"2018-08-01T21:17:09","slug":"agosto-mes-dedicado-aos-vocacionados","status":"publish","type":"post","link":"http:\/\/portalcatolico.net\/portal\/agosto-mes-dedicado-aos-vocacionados\/","title":{"rendered":"Encontro Vocacional acontece neste fim de semana em Itabuna"},"content":{"rendered":"<p style=\"font-weight: 400;\">A Diocese de Itabuna, no sul da Bahia, estar\u00e1 promovendo mais um&nbsp;Encontro Vocacional para vocacionados ao sacerd\u00f3cio e religiosa.<\/p>\n<p style=\"font-weight: 400;\">O&nbsp;encontro de an\u00fancio vocacional ser\u00e1 realizado no Col\u00e9gio (A\u00e7\u00e3o&nbsp;Fraternal de Itabuna-AFI), no pr\u00f3ximo domingo, 05 de agosto,com inicio, \u00e1s 8h.<\/p>\n<p style=\"font-weight: 400;\">Esse Encontro tem&nbsp;como objetivo despertar nos jovens a reflex\u00e3o de qual \u00e9 o lugar na&nbsp;Igreja.&nbsp;<\/p>\n<p style=\"font-weight: 400;\">Voca\u00e7\u00e3o vem do latim (Vocare) e significa &#8220;chamado&#8221;. Somos chamados por&nbsp;Deus a realizarmos na Igreja um minist\u00e9rio espec\u00edfico, colocando nossos&nbsp;dons a servi\u00e7o do Transcendente e dos irm\u00e3os, esta voca\u00e7\u00e3o pode ser&nbsp;concretizada por meio de uma das voca\u00e7\u00f5es espec\u00edficas: minist\u00e9rio&nbsp;ordenado (padre, di\u00e1cono ou bispo); fam\u00edlia; vida consagrada;&nbsp;catequistas; leigos. Cada uma destas funciona como uma pe\u00e7a na&nbsp;engrenagem do Reino de Deus na terra.<\/p>\n<p style=\"font-weight: 400;\">Rezar e pedir pelas voca\u00e7\u00f5es,&nbsp;motivar comunidades e fam\u00edlias a refletirem sobre o chamado que Deus faz&nbsp;a cada ser humano. Temos que tomar consci\u00eancia que voca\u00e7\u00e3o n\u00e3o \u00e9 coisa&nbsp;apenas para alguns. Voca\u00e7\u00e3o \u00e9 para todo crist\u00e3o, pois todos n\u00f3s somos&nbsp;chamados a estar a servi\u00e7o do reino de Deus de alguma forma.<\/p>\n<p style=\"font-weight: 400;\">Em agosto, a&nbsp;Igreja celebra as voca\u00e7\u00f5es: sacerdotal, diaconal, familiar, religiosa,&nbsp;leiga e catequista. \u00c9 um m\u00eas voltado para a reflex\u00e3o e a ora\u00e7\u00e3o pelas&nbsp;voca\u00e7\u00f5es e os minist\u00e9rios, de forma a pedir a Deus para que todos os&nbsp;batizados &#8220;sejam fi\u00e9is como ap\u00f3stolos leigos, como sacerdotes, como&nbsp;religiosos e religiosas, para o bem do povo de Deus e de toda a&nbsp;humanidade&#8221; (Jo\u00e3o Paulo II).<\/p>\n<p style=\"font-weight: 400;\">Voca\u00e7\u00e3o \u00e9 um termo derivado do verbo&nbsp;vocare, que em latim significa chamar. Por isso tamanha import\u00e2ncia dada&nbsp;ao tema. Porque voca\u00e7\u00e3o \u00e9 o in\u00edcio de tudo. Em um sentido mais preciso,&nbsp;\u00e9 um chamado a partir da pessoa de Jesus, que nos convida a segu\u00ed-lo.&nbsp;Voca\u00e7\u00e3o, portanto, quer dizer que anterior a n\u00f3s h\u00e1 um chamado, uma&nbsp;escolha pessoal que vem de Deus, a quem seguimos com total empenho, como&nbsp;afirma S\u00e3o Paulo na Carta aos Romanos: &#8220;Eu, Paulo, servo de Jesus&nbsp;Cristo, ap\u00f3stolo por voca\u00e7\u00e3o, escolhido para o Evangelho de Deus.&#8221; (Rom&nbsp;1, 1).O m\u00eas vocacional nos provoca a refletir a import\u00e2ncia da voca\u00e7\u00e3o,&nbsp;nos levando a descobrir nosso papel e nosso compromisso com a Igreja e a&nbsp;sociedade.<\/p>\n","protected":false},"excerpt":{"rendered":"<p>A Diocese de Itabuna, no sul da Bahia, estar\u00e1 promovendo mais um&nbsp;Encontro Vocacional para vocacionados ao sacerd\u00f3cio e religiosa. O&nbsp;encontro de an\u00fancio vocacional ser\u00e1 realizado no Col\u00e9gio (A\u00e7\u00e3o&nbsp;Fraternal de Itabuna-AFI), no pr\u00f3ximo domingo, 05 de agosto,com inicio, \u00e1s 8h. Esse Encontro tem&nbsp;como objetivo despertar nos jovens a reflex\u00e3o de qual \u00e9 o lugar na&nbsp;Igreja.&nbsp; Voca\u00e7\u00e3o&nbsp;<\/p>\n<p><a class=\"btn btn-style\" href=\"http:\/\/portalcatolico.net\/portal\/agosto-mes-dedicado-aos-vocacionados\/\">Continue Reading<\/a><\/p>\n","protected":false},"author":2,"featured_media":57514,"comment_status":"open","ping_status":"open","sticky":false,"template":"","format":"standard","meta":{"footnotes":""},"categories":[69],"tags":[],"class_list":["post-57502","post","type-post","status-publish","format-standard","has-post-thumbnail","hentry","category-artigos"],"_links":{"self":[{"href":"http:\/\/portalcatolico.net\/portal\/wp-json\/wp\/v2\/posts\/57502","targetHints":{"allow":["GET"]}}],"collection":[{"href":"http:\/\/portalcatolico.net\/portal\/wp-json\/wp\/v2\/posts"}],"about":[{"href":"http:\/\/portalcatolico.net\/portal\/wp-json\/wp\/v2\/types\/post"}],"author":[{"embeddable":true,"href":"http:\/\/portalcatolico.net\/portal\/wp-json\/wp\/v2\/users\/2"}],"replies":[{"embeddable":true,"href":"http:\/\/portalcatolico.net\/portal\/wp-json\/wp\/v2\/comments?post=57502"}],"version-history":[{"count":4,"href":"http:\/\/portalcatolico.net\/portal\/wp-json\/wp\/v2\/posts\/57502\/revisions"}],"predecessor-version":[{"id":57516,"href":"http:\/\/portalcatolico.net\/portal\/wp-json\/wp\/v2\/posts\/57502\/revisions\/57516"}],"wp:featuredmedia":[{"embeddable":true,"href":"http:\/\/portalcatolico.net\/portal\/wp-json\/wp\/v2\/media\/57514"}],"wp:attachment":[{"href":"http:\/\/portalcatolico.net\/portal\/wp-json\/wp\/v2\/media?parent=57502"}],"wp:term":[{"taxonomy":"category","embeddable":true,"href":"http:\/\/portalcatolico.net\/portal\/wp-json\/wp\/v2\/categories?post=57502"},{"taxonomy":"post_tag","embeddable":true,"href":"http:\/\/portalcatolico.net\/portal\/wp-json\/wp\/v2\/tags?post=57502"}],"curies":[{"name":"wp","href":"https:\/\/api.w.org\/{rel}","templated":true}]}}